{"id":49675,"date":"2025-08-18T22:55:57","date_gmt":"2025-08-18T19:55:57","guid":{"rendered":"https:\/\/www.egemtv.com\/?p=49675"},"modified":"2025-08-18T22:55:57","modified_gmt":"2025-08-18T19:55:57","slug":"chp-genel-baskani-ozel-aydinda-miting-duzenledi","status":"publish","type":"post","link":"https:\/\/www.egemtv.com\/?p=49675","title":{"rendered":"CHP Genel Ba\u015fkan\u0131 \u00d6zel, Ayd\u0131n\u2019da miting d\u00fczenledi"},"content":{"rendered":"<p>Cumhuriyet Halk Partisi (CHP) Genel Ba\u015fkan\u0131 \u00d6zg\u00fcr \u00d6zel, Ayd\u0131n B\u00fcy\u00fck\u015fehir Belediye Ba\u015fkan\u0131 \u00d6zlem \u00c7er\u00e7io\u011flu\u2019nun partisi CHP\u2019den istifa edip AK Parti\u2019ye kat\u0131lmas\u0131n\u0131n ard\u0131ndan Ayd\u0131n\u2019da d\u00fczenledi\u011fi mitingde, &#8220;Millet iradesini geri istiyor&#8221; dedi. Miting \u00f6ncesi Ayd\u0131n B\u00fcy\u00fck\u015fehir Belediyesi binas\u0131na &#8220;\u0130mar rant\u0131na ge\u00e7it yok&#8221; yaz\u0131l\u0131 pankart as\u0131lmas\u0131 ise dikkat \u00e7ekti.<br \/>\n<br \/>Ayd\u0131n\u2019da ak\u015fam saat 20.00\u2019de d\u00fczenlenen miting \u00f6ncesi konu\u015fan Mu\u011fla B\u00fcy\u00fck\u015fehir Belediye Ba\u015fkan\u0131 Ahmet Aras, partiden istifa eden Ayd\u0131n B\u00fcy\u00fck\u015fehir Belediye Ba\u015fkan\u0131 \u00d6zlem \u00c7er\u00e7io\u011flu\u2019na ithafen &#8220;Aram\u0131zda yolunu kaybedenler var&#8221; dedi. CHP Ayd\u0131n \u0130l Ba\u015fkan\u0131 Hikmet Saat\u00e7i ise kalabal\u0131\u011fa tutuklu bulunan Ekrem \u0130mamo\u011flu\u2019nun cezaevinden g\u00f6nderdi\u011fi mektubu okudu.<br \/>\n<br \/>Konu\u015fmas\u0131na Ayd\u0131n\u2019la kucakla\u015fmaya geldi\u011fini ifade ederek ba\u015flayan CHP Genel Ba\u015fkan\u0131 \u00d6zg\u00fcr \u00d6zel, &#8220;Atat\u00fcrk\u2019\u00fcn Nazilli\u2019de kurmu\u015f oldu\u011fu basma fabrikas\u0131n\u0131 Adalet ve Kalk\u0131nma Partisi kapatt\u0131. Erdo\u011fan ile o g\u00fcnden bu yana Ayd\u0131nl\u0131lar\u0131n g\u00f6r\u00fclmedik bir hesab\u0131 var. Her se\u00e7imde Ayd\u0131n, Erdo\u011fan\u2019dan, AK Parti\u2019den bunun hesab\u0131n\u0131 sorar. Ama Ayd\u0131n\u2019\u0131n iradesine kafa tutacak kimse yoktur. O nedenle Ayd\u0131n, CHP\u2019nin g\u00f6nderdi\u011fi aday\u0131 se\u00e7er. Ancak ge\u00e7ti\u011fimiz hafta Ayd\u0131n\u2019\u0131 alamayanlar, Ayd\u0131n\u2019\u0131n iradesini gasp etmeye kalkt\u0131lar. Ve partilerinin kurulu\u015f y\u0131ld\u00f6n\u00fcm\u00fcnde b\u00fcy\u00fck bir umutla g\u00fcya CHP\u2019yi demoralize edecek, kendilerine moral verecek, g\u00fcya psikolojik \u00fcst\u00fcnl\u00fc\u011f\u00fc ele ge\u00e7irecekler, bir CHP\u2019li b\u00fcy\u00fck\u015fehir belediye ba\u015fkan\u0131n\u0131 partilerini katmaya \u00e7al\u0131\u015ft\u0131lar. Bu moral AK Parti\u2019yi aya\u011fa kald\u0131r\u0131r m\u0131 acaba, bu olay CHP\u2019nin enerjisini d\u00fc\u015f\u00fcr\u00fcr mu diye sordular. Ben de \u2018T\u00fcrkiye\u2019ye Ayd\u0131n\u2019\u0131 Ayd\u0131n\u2019dan g\u00f6sterece\u011fiz\u2019 diyerek o dakika buraya gelme karar\u0131 ald\u0131m. Buradaki g\u00f6r\u00fcnt\u00fc ortada. Ayd\u0131n\u2019\u0131n iradesi bizdedir. Ayd\u0131n\u2019\u0131n iradesi bu meydandad\u0131r. Bu meydan milletin meydan\u0131d\u0131r&#8221; dedi.<br \/>\n<br \/>\u2018\u00d6zlem istifa\u2019 sloganlar\u0131n\u0131n at\u0131ld\u0131\u011f\u0131 mitingde AK Parti\u2019ye ge\u00e7en Ayd\u0131n B\u00fcy\u00fck\u015fehir Belediye Ba\u015fkan\u0131 \u00d6zlem \u00c7er\u00e7io\u011flu\u2019na da seslenen \u00d6zel, &#8220;Millet emanetini geri \u00e7a\u011f\u0131r\u0131yor. Emaneti geri istiyor. Bir siyasi yankesicilikle kar\u015f\u0131 kar\u015f\u0131yay\u0131z. Siyasi kapka\u00e7 olay\u0131 ile kars\u0131 kar\u015f\u0131yay\u0131z&#8221; ifadelerini kulland\u0131.<br \/>\n<br \/>Konu\u015fmas\u0131n\u0131n son b\u00f6l\u00fcm\u00fcnde eline klas\u00f6rler alan \u00d6zel, klas\u00f6rlerin i\u00e7inde 4 g\u00fcn \u00f6nce partisinden istifa eden Ayd\u0131n B\u00fcy\u00fck\u015fehir Belediye Ba\u015fkan\u0131 \u00d6zlem \u00c7er\u00e7io\u011flu\u2019na ait soru\u015fturma dosyalar\u0131n\u0131n oldu\u011funu ve \u00c7er\u00e7io\u011flu\u2019nun korkutuldu\u011funu ileri s\u00fcrd\u00fc. \u00c7er\u00e7io\u011flu\u2019nun partisinden istifa etmesini sert bir dille ele\u015ftiren \u00d6zel, &#8220;Ayd\u0131n\u2019\u0131n iradesini bekleyin. Hesap soraca\u011f\u0131z. T\u00fcm belediye ba\u015fkanlar\u0131m\u0131zla gurur duyuyoruz&#8221; dedi.<br \/>\n<br \/>Miting \u00f6ncesi Ayd\u0131n B\u00fcy\u00fck\u015fehir Belediyesi binas\u0131na &#8220;\u0130mar rant\u0131na ge\u00e7it yok&#8221; yaz\u0131l\u0131 pankart as\u0131lmas\u0131 ise dikkat \u00e7ekti.<br \/><\/p>\n","protected":false},"excerpt":{"rendered":"<p>Cumhuriyet Halk Partisi (CHP) Genel Ba\u015fkan\u0131 \u00d6zg\u00fcr \u00d6zel, Ayd\u0131n B\u00fcy\u00fck\u015fehir Belediye Ba\u015fkan\u0131 \u00d6zlem \u00c7er\u00e7io\u011flu\u2019nun partisi CHP\u2019den istifa edip AK Parti\u2019ye kat\u0131lmas\u0131n\u0131n ard\u0131ndan Ayd\u0131n\u2019da d\u00fczenledi\u011fi mitingde, &#8220;Millet iradesini geri istiyor&#8221; dedi. Miting \u00f6ncesi Ayd\u0131n B\u00fcy\u00fck\u015fehir Belediyesi binas\u0131na &#8220;\u0130mar rant\u0131na ge\u00e7it yok&#8221; yaz\u0131l\u0131 pankart as\u0131lmas\u0131 ise dikkat \u00e7ekti. Ayd\u0131n\u2019da ak\u015fam saat 20.00\u2019de d\u00fczenlenen miting \u00f6ncesi konu\u015fan Mu\u011fla&#8230;<\/p>\n","protected":false},"author":1,"featured_media":49676,"comment_status":"open","ping_status":"open","sticky":false,"template":"","format":"standard","meta":{"_crdt_document":"","footnotes":""},"categories":[127],"tags":[],"class_list":["post-49675","post","type-post","status-publish","format-standard","has-post-thumbnail","hentry","category-siyaset"],"_links":{"self":[{"href":"https:\/\/www.egemtv.com\/index.php?rest_route=\/wp\/v2\/posts\/49675","targetHints":{"allow":["GET"]}}],"collection":[{"href":"https:\/\/www.egemtv.com\/index.php?rest_route=\/wp\/v2\/posts"}],"about":[{"href":"https:\/\/www.egemtv.com\/index.php?rest_route=\/wp\/v2\/types\/post"}],"author":[{"embeddable":true,"href":"https:\/\/www.egemtv.com\/index.php?rest_route=\/wp\/v2\/users\/1"}],"replies":[{"embeddable":true,"href":"https:\/\/www.egemtv.com\/index.php?rest_route=%2Fwp%2Fv2%2Fcomments&post=49675"}],"version-history":[{"count":1,"href":"https:\/\/www.egemtv.com\/index.php?rest_route=\/wp\/v2\/posts\/49675\/revisions"}],"predecessor-version":[{"id":49677,"href":"https:\/\/www.egemtv.com\/index.php?rest_route=\/wp\/v2\/posts\/49675\/revisions\/49677"}],"wp:featuredmedia":[{"embeddable":true,"href":"https:\/\/www.egemtv.com\/index.php?rest_route=\/wp\/v2\/media\/49676"}],"wp:attachment":[{"href":"https:\/\/www.egemtv.com\/index.php?rest_route=%2Fwp%2Fv2%2Fmedia&parent=49675"}],"wp:term":[{"taxonomy":"category","embeddable":true,"href":"https:\/\/www.egemtv.com\/index.php?rest_route=%2Fwp%2Fv2%2Fcategories&post=49675"},{"taxonomy":"post_tag","embeddable":true,"href":"https:\/\/www.egemtv.com\/index.php?rest_route=%2Fwp%2Fv2%2Ftags&post=49675"}],"curies":[{"name":"wp","href":"https:\/\/api.w.org\/{rel}","templated":true}]}}