{"id":49672,"date":"2025-08-18T22:55:56","date_gmt":"2025-08-18T19:55:56","guid":{"rendered":"https:\/\/www.egemtv.com\/?p=49672"},"modified":"2025-08-18T22:55:56","modified_gmt":"2025-08-18T19:55:56","slug":"ispartada-atil-durumdaki-aqua-park-masal-parkina-donusuyor","status":"publish","type":"post","link":"https:\/\/www.egemtv.com\/?p=49672","title":{"rendered":"Isparta\u2019da at\u0131l durumdaki aqua park masal park\u0131na d\u00f6n\u00fc\u015f\u00fcyor"},"content":{"rendered":"<p>Isparta\u2019n\u0131n Davraz Mahallesi\u2019nde yakla\u015f\u0131k 14 y\u0131ld\u0131r at\u0131l durumdaki aqua park\u0131n yerinde yap\u0131m\u0131 s\u00fcren Tomurcuk Masal Park\u0131\u2019nda \u00e7al\u0131\u015fmalar t\u00fcm h\u0131z\u0131yla devam ediyor. T\u00fcm ya\u015f gruplar\u0131na hizmet verecek parkta sosyal alanlar, kafeterya, e\u011flence alanlar\u0131, masal ve macera park\u0131 konsepti yer alacak.<br \/>\n<br \/>Isparta\u2019n\u0131n kanayan yaras\u0131 tarih oluyor. Davraz Mahallesi\u2019nde uzun y\u0131llard\u0131r at\u0131l durumda olan ve eski ad\u0131yla aqua park olarak bilinen alana Isparta Belediye Ba\u015fkan\u0131 \u015e\u00fckr\u00fc Ba\u015fde\u011firmen taraf\u0131ndan her ya\u015f grubuna hizmet edecek Tomurcuk Masal Park\u0131 in\u015fa ediliyor. Yakla\u015f\u0131k 16 bin metrekarelik alana kurulacak Tomurcuk Masal Park\u0131\u2019nda masal park\u0131, sosyal alanlar, kafeterya, e\u011flence alanlar\u0131 ve macera park\u0131 bulunacak.<br \/>\n<br \/>Isparta Belediyesi Et\u00fcd Proje M\u00fcd\u00fcr\u00fc Ahmet Sar\u0131c\u0131k, kentte 14 y\u0131ld\u0131r at\u0131l vaziyette bulunan ve aqua park olarak bilinen alan\u0131n Isparta Belediye Ba\u015fkan\u0131 \u015e\u00fckr\u00fc Ba\u015fde\u011firmen sayesinde yeni ve modern bir g\u00f6r\u00fcn\u00fcme kavu\u015faca\u011f\u0131n\u0131 belirtti. Sar\u0131c\u0131k, &#8220;Isparta\u2019m\u0131z\u0131n Davraz Mahallesi\u2019nde aqua park olarak bilinen, arsa alan\u0131 yakla\u015f\u0131k 15 bin 600 metrekare olan ve 14 y\u0131l boyunca at\u0131l vaziyette bulunan alanda, Isparta Belediye Ba\u015fkan\u0131m\u0131z \u015e\u00fckr\u00fc Ba\u015fde\u011firmen\u2019in tensipleriyle alan\u0131n problemleri \u00e7\u00f6z\u00fclm\u00fc\u015f, Et\u00fcd Proje M\u00fcd\u00fcrl\u00fc\u011f\u00fc taraf\u0131ndan projelendirilmi\u015f, yap\u0131m\u0131na ba\u015flanm\u0131\u015ft\u0131r. Mevcut alanda Masal Park\u0131\u2019m\u0131z, sosyal alanlar\u0131m\u0131z, kafeteryam\u0131z, e\u011flence alanlar\u0131m\u0131z, Macera Park\u0131m\u0131z, t\u00fcm ya\u015f ve gruplara hizmet edecek t\u00fcm aktivitelere ait bir alan olacak. Isparta Belediye Ba\u015fkan\u0131m\u0131za yapm\u0131\u015f oldu\u011fu bu yat\u0131r\u0131mdan dolay\u0131 t\u00fcm Isparta halk\u0131 ad\u0131na te\u015fekk\u00fcr ediyoruz. Isparta\u2019m\u0131za hay\u0131rl\u0131 olsun in\u015fallah&#8221; dedi.<br \/><\/p>\n","protected":false},"excerpt":{"rendered":"<p>Isparta\u2019n\u0131n Davraz Mahallesi\u2019nde yakla\u015f\u0131k 14 y\u0131ld\u0131r at\u0131l durumdaki aqua park\u0131n yerinde yap\u0131m\u0131 s\u00fcren Tomurcuk Masal Park\u0131\u2019nda \u00e7al\u0131\u015fmalar t\u00fcm h\u0131z\u0131yla devam ediyor. T\u00fcm ya\u015f gruplar\u0131na hizmet verecek parkta sosyal alanlar, kafeterya, e\u011flence alanlar\u0131, masal ve macera park\u0131 konsepti yer alacak. Isparta\u2019n\u0131n kanayan yaras\u0131 tarih oluyor. Davraz Mahallesi\u2019nde uzun y\u0131llard\u0131r at\u0131l durumda olan ve eski ad\u0131yla aqua&#8230;<\/p>\n","protected":false},"author":1,"featured_media":49673,"comment_status":"open","ping_status":"open","sticky":false,"template":"","format":"standard","meta":{"_crdt_document":"","footnotes":""},"categories":[1],"tags":[],"class_list":["post-49672","post","type-post","status-publish","format-standard","has-post-thumbnail","hentry","category-guncel"],"_links":{"self":[{"href":"https:\/\/www.egemtv.com\/index.php?rest_route=\/wp\/v2\/posts\/49672","targetHints":{"allow":["GET"]}}],"collection":[{"href":"https:\/\/www.egemtv.com\/index.php?rest_route=\/wp\/v2\/posts"}],"about":[{"href":"https:\/\/www.egemtv.com\/index.php?rest_route=\/wp\/v2\/types\/post"}],"author":[{"embeddable":true,"href":"https:\/\/www.egemtv.com\/index.php?rest_route=\/wp\/v2\/users\/1"}],"replies":[{"embeddable":true,"href":"https:\/\/www.egemtv.com\/index.php?rest_route=%2Fwp%2Fv2%2Fcomments&post=49672"}],"version-history":[{"count":1,"href":"https:\/\/www.egemtv.com\/index.php?rest_route=\/wp\/v2\/posts\/49672\/revisions"}],"predecessor-version":[{"id":49674,"href":"https:\/\/www.egemtv.com\/index.php?rest_route=\/wp\/v2\/posts\/49672\/revisions\/49674"}],"wp:featuredmedia":[{"embeddable":true,"href":"https:\/\/www.egemtv.com\/index.php?rest_route=\/wp\/v2\/media\/49673"}],"wp:attachment":[{"href":"https:\/\/www.egemtv.com\/index.php?rest_route=%2Fwp%2Fv2%2Fmedia&parent=49672"}],"wp:term":[{"taxonomy":"category","embeddable":true,"href":"https:\/\/www.egemtv.com\/index.php?rest_route=%2Fwp%2Fv2%2Fcategories&post=49672"},{"taxonomy":"post_tag","embeddable":true,"href":"https:\/\/www.egemtv.com\/index.php?rest_route=%2Fwp%2Fv2%2Ftags&post=49672"}],"curies":[{"name":"wp","href":"https:\/\/api.w.org\/{rel}","templated":true}]}}