{"id":49669,"date":"2025-08-18T22:35:01","date_gmt":"2025-08-18T19:35:01","guid":{"rendered":"https:\/\/www.egemtv.com\/?p=49669"},"modified":"2025-08-18T22:35:02","modified_gmt":"2025-08-18T19:35:02","slug":"aydin-buyuksehir-belediyesi-binasina-dev-pankart-imar-rantina-gecit-yok","status":"publish","type":"post","link":"https:\/\/www.egemtv.com\/?p=49669","title":{"rendered":"Ayd\u0131n B\u00fcy\u00fck\u015fehir Belediyesi binas\u0131na dev pankart: &#8220;\u0130mar rant\u0131na ge\u00e7it yok&#8221;"},"content":{"rendered":"<p>Cumhuriyet Halk Partisi (CHP) Genel Ba\u015fkan\u0131 \u00d6zg\u00fcr \u00d6zel\u2019in partisinden istifa ederek AK Parti\u2019ye ge\u00e7en \u00d6zlem \u00c7er\u00e7io\u011flu\u2019na tepki g\u00f6stermek amac\u0131yla Ayd\u0131n\u2019da d\u00fczenledi\u011fi miting \u00f6ncesi Ayd\u0131n B\u00fcy\u00fck\u015fehir Belediyesi binas\u0131na &#8220;\u0130mar rant\u0131na ge\u00e7it yok&#8221; yaz\u0131l\u0131 dev bir pankart as\u0131ld\u0131.<br \/>\n<br \/>Ayd\u0131n B\u00fcy\u00fck\u015fehir Belediye Ba\u015fkan\u0131 \u00d6zlem \u00c7er\u00e7io\u011flu\u2019nun 4 g\u00fcn \u00f6nce CHP\u2019den AK Parti\u2019ye ge\u00e7mesinin ard\u0131ndan CHP Ayd\u0131n \u0130l Ba\u015fkanl\u0131\u011f\u0131 taraf\u0131ndan bug\u00fcn CHP Genel Ba\u015fkan\u0131 \u00d6zg\u00fcr \u00d6zel\u2019in kat\u0131l\u0131m\u0131 ile \u2019Millet \u0130radesine Sahip \u00c7\u0131k\u0131yor\u2019 adl\u0131 miting d\u00fczenlendi. Ayd\u0131n B\u00fcy\u00fck\u015fehir Belediyesi binas\u0131n\u0131n \u00f6n taraf\u0131nda bulunan Atat\u00fcrk Kent Meydan\u0131\u2019nda d\u00fczenlenen miting s\u0131ras\u0131nda Ayd\u0131n B\u00fcy\u00fck\u015fehir Belediyesi binas\u0131na dev bir pankart as\u0131ld\u0131. \u2019\u0130mar rant\u0131na ge\u00e7it yok&#8221; yaz\u0131l\u0131 dev pankart dikkat \u00e7ekti.<br \/><\/p>\n","protected":false},"excerpt":{"rendered":"<p>Cumhuriyet Halk Partisi (CHP) Genel Ba\u015fkan\u0131 \u00d6zg\u00fcr \u00d6zel\u2019in partisinden istifa ederek AK Parti\u2019ye ge\u00e7en \u00d6zlem \u00c7er\u00e7io\u011flu\u2019na tepki g\u00f6stermek amac\u0131yla Ayd\u0131n\u2019da d\u00fczenledi\u011fi miting \u00f6ncesi Ayd\u0131n B\u00fcy\u00fck\u015fehir Belediyesi binas\u0131na &#8220;\u0130mar rant\u0131na ge\u00e7it yok&#8221; yaz\u0131l\u0131 dev bir pankart as\u0131ld\u0131. Ayd\u0131n B\u00fcy\u00fck\u015fehir Belediye Ba\u015fkan\u0131 \u00d6zlem \u00c7er\u00e7io\u011flu\u2019nun 4 g\u00fcn \u00f6nce CHP\u2019den AK Parti\u2019ye ge\u00e7mesinin ard\u0131ndan CHP Ayd\u0131n \u0130l Ba\u015fkanl\u0131\u011f\u0131 taraf\u0131ndan&#8230;<\/p>\n","protected":false},"author":1,"featured_media":49670,"comment_status":"open","ping_status":"open","sticky":false,"template":"","format":"standard","meta":{"_crdt_document":"","footnotes":""},"categories":[127],"tags":[],"class_list":["post-49669","post","type-post","status-publish","format-standard","has-post-thumbnail","hentry","category-siyaset"],"_links":{"self":[{"href":"https:\/\/www.egemtv.com\/index.php?rest_route=\/wp\/v2\/posts\/49669","targetHints":{"allow":["GET"]}}],"collection":[{"href":"https:\/\/www.egemtv.com\/index.php?rest_route=\/wp\/v2\/posts"}],"about":[{"href":"https:\/\/www.egemtv.com\/index.php?rest_route=\/wp\/v2\/types\/post"}],"author":[{"embeddable":true,"href":"https:\/\/www.egemtv.com\/index.php?rest_route=\/wp\/v2\/users\/1"}],"replies":[{"embeddable":true,"href":"https:\/\/www.egemtv.com\/index.php?rest_route=%2Fwp%2Fv2%2Fcomments&post=49669"}],"version-history":[{"count":1,"href":"https:\/\/www.egemtv.com\/index.php?rest_route=\/wp\/v2\/posts\/49669\/revisions"}],"predecessor-version":[{"id":49671,"href":"https:\/\/www.egemtv.com\/index.php?rest_route=\/wp\/v2\/posts\/49669\/revisions\/49671"}],"wp:featuredmedia":[{"embeddable":true,"href":"https:\/\/www.egemtv.com\/index.php?rest_route=\/wp\/v2\/media\/49670"}],"wp:attachment":[{"href":"https:\/\/www.egemtv.com\/index.php?rest_route=%2Fwp%2Fv2%2Fmedia&parent=49669"}],"wp:term":[{"taxonomy":"category","embeddable":true,"href":"https:\/\/www.egemtv.com\/index.php?rest_route=%2Fwp%2Fv2%2Fcategories&post=49669"},{"taxonomy":"post_tag","embeddable":true,"href":"https:\/\/www.egemtv.com\/index.php?rest_route=%2Fwp%2Fv2%2Ftags&post=49669"}],"curies":[{"name":"wp","href":"https:\/\/api.w.org\/{rel}","templated":true}]}}