{"id":49666,"date":"2025-08-18T21:35:51","date_gmt":"2025-08-18T18:35:51","guid":{"rendered":"https:\/\/www.egemtv.com\/?p=49666"},"modified":"2025-08-18T21:35:52","modified_gmt":"2025-08-18T18:35:52","slug":"yelkenli-tekne-ile-insan-kacakciligi-yapan-2-kisi-yakalandi","status":"publish","type":"post","link":"https:\/\/www.egemtv.com\/?p=49666","title":{"rendered":"Yelkenli tekne ile insan ka\u00e7ak\u00e7\u0131l\u0131\u011f\u0131 yapan 2 ki\u015fi yakaland\u0131"},"content":{"rendered":"<p>Mu\u011fla\u2019n\u0131n Dat\u00e7a il\u00e7esi a\u00e7\u0131klar\u0131nda hareket halindeki yelkenli teknede yap\u0131lan aramada, 10\u2019u \u00e7ocuk olmak \u00fczere toplam 38 d\u00fczensiz g\u00f6\u00e7men ve iki g\u00f6\u00e7men ka\u00e7ak\u00e7\u0131l\u0131\u011f\u0131 \u015f\u00fcphelisi yakaland\u0131.<br \/>\n<br \/>Dat\u00e7a il\u00e7esi a\u00e7\u0131klar\u0131nda yelkenli tekne i\u00e7erisinde bir grup d\u00fczensiz g\u00f6\u00e7men oldu\u011fu bilgisinin al\u0131nmas\u0131 \u00fczerine g\u00f6revlendirilen Sahil G\u00fcvenlik Botlar\u0131 taraf\u0131ndan hareketli yelkenli tekne durdurulmu\u015f, i\u00e7erisindeki 28 d\u00fczensiz g\u00f6\u00e7men (beraberinde 10 \u00e7ocuk) ve 2 g\u00f6\u00e7men ka\u00e7ak\u00e7\u0131s\u0131 \u015f\u00fcphelisi yakalanm\u0131\u015ft\u0131r.<br \/><\/p>\n","protected":false},"excerpt":{"rendered":"<p>Mu\u011fla\u2019n\u0131n Dat\u00e7a il\u00e7esi a\u00e7\u0131klar\u0131nda hareket halindeki yelkenli teknede yap\u0131lan aramada, 10\u2019u \u00e7ocuk olmak \u00fczere toplam 38 d\u00fczensiz g\u00f6\u00e7men ve iki g\u00f6\u00e7men ka\u00e7ak\u00e7\u0131l\u0131\u011f\u0131 \u015f\u00fcphelisi yakaland\u0131. Dat\u00e7a il\u00e7esi a\u00e7\u0131klar\u0131nda yelkenli tekne i\u00e7erisinde bir grup d\u00fczensiz g\u00f6\u00e7men oldu\u011fu bilgisinin al\u0131nmas\u0131 \u00fczerine g\u00f6revlendirilen Sahil G\u00fcvenlik Botlar\u0131 taraf\u0131ndan hareketli yelkenli tekne durdurulmu\u015f, i\u00e7erisindeki 28 d\u00fczensiz g\u00f6\u00e7men (beraberinde 10 \u00e7ocuk) ve&#8230;<\/p>\n","protected":false},"author":1,"featured_media":49667,"comment_status":"open","ping_status":"open","sticky":false,"template":"","format":"standard","meta":{"_crdt_document":"","footnotes":""},"categories":[5],"tags":[],"class_list":["post-49666","post","type-post","status-publish","format-standard","has-post-thumbnail","hentry","category-asayis"],"_links":{"self":[{"href":"https:\/\/www.egemtv.com\/index.php?rest_route=\/wp\/v2\/posts\/49666","targetHints":{"allow":["GET"]}}],"collection":[{"href":"https:\/\/www.egemtv.com\/index.php?rest_route=\/wp\/v2\/posts"}],"about":[{"href":"https:\/\/www.egemtv.com\/index.php?rest_route=\/wp\/v2\/types\/post"}],"author":[{"embeddable":true,"href":"https:\/\/www.egemtv.com\/index.php?rest_route=\/wp\/v2\/users\/1"}],"replies":[{"embeddable":true,"href":"https:\/\/www.egemtv.com\/index.php?rest_route=%2Fwp%2Fv2%2Fcomments&post=49666"}],"version-history":[{"count":1,"href":"https:\/\/www.egemtv.com\/index.php?rest_route=\/wp\/v2\/posts\/49666\/revisions"}],"predecessor-version":[{"id":49668,"href":"https:\/\/www.egemtv.com\/index.php?rest_route=\/wp\/v2\/posts\/49666\/revisions\/49668"}],"wp:featuredmedia":[{"embeddable":true,"href":"https:\/\/www.egemtv.com\/index.php?rest_route=\/wp\/v2\/media\/49667"}],"wp:attachment":[{"href":"https:\/\/www.egemtv.com\/index.php?rest_route=%2Fwp%2Fv2%2Fmedia&parent=49666"}],"wp:term":[{"taxonomy":"category","embeddable":true,"href":"https:\/\/www.egemtv.com\/index.php?rest_route=%2Fwp%2Fv2%2Fcategories&post=49666"},{"taxonomy":"post_tag","embeddable":true,"href":"https:\/\/www.egemtv.com\/index.php?rest_route=%2Fwp%2Fv2%2Ftags&post=49666"}],"curies":[{"name":"wp","href":"https:\/\/api.w.org\/{rel}","templated":true}]}}