{"id":49663,"date":"2025-08-18T19:14:57","date_gmt":"2025-08-18T16:14:57","guid":{"rendered":"https:\/\/www.egemtv.com\/?p=49663"},"modified":"2025-08-18T19:14:58","modified_gmt":"2025-08-18T16:14:58","slug":"kore-gazisi-son-yolculuguna-ugurlandi-2","status":"publish","type":"post","link":"https:\/\/www.egemtv.com\/?p=49663","title":{"rendered":"Kore gazisi son yolculu\u011funa u\u011furland\u0131"},"content":{"rendered":"<p>\u0130zmir\u2019in Alia\u011fa il\u00e7esinde 99 ya\u015f\u0131nda vefat eden Kore gazisi Mehmet Karabulut, d\u00fczenlenen askeri t\u00f6renle son yolculu\u011funa u\u011furland\u0131.<br \/>\n<br \/>Vefat eden Kore gazisi Mehmet Karabulut i\u00e7in Alia\u011fa\u2019da askeri t\u00f6ren d\u00fczenlendi. Cenaze t\u00f6renine Alia\u011fa Kaymakam\u0131 Zekeriya G\u00fcney, askeri ve sivil erkan ile merhumun ailesi ve yak\u0131nlar\u0131 kat\u0131ld\u0131. T\u00fcrk bayra\u011f\u0131na sar\u0131l\u0131 tabut, t\u00f6ren mangas\u0131 e\u015fli\u011finde Alia\u011fa K\u00fclt\u00fcr Merkezi Cemevi\u2019ne getirildi. Burada d\u00fczenlenen t\u00f6rende cemaatten helallik al\u0131nmas\u0131n\u0131n ard\u0131ndan Kore gazisi, \u015fehir mezarl\u0131\u011f\u0131nda g\u00f6zya\u015flar\u0131 aras\u0131nda dualarla topra\u011fa verildi.<br \/><\/p>\n","protected":false},"excerpt":{"rendered":"<p>\u0130zmir\u2019in Alia\u011fa il\u00e7esinde 99 ya\u015f\u0131nda vefat eden Kore gazisi Mehmet Karabulut, d\u00fczenlenen askeri t\u00f6renle son yolculu\u011funa u\u011furland\u0131. Vefat eden Kore gazisi Mehmet Karabulut i\u00e7in Alia\u011fa\u2019da askeri t\u00f6ren d\u00fczenlendi. Cenaze t\u00f6renine Alia\u011fa Kaymakam\u0131 Zekeriya G\u00fcney, askeri ve sivil erkan ile merhumun ailesi ve yak\u0131nlar\u0131 kat\u0131ld\u0131. T\u00fcrk bayra\u011f\u0131na sar\u0131l\u0131 tabut, t\u00f6ren mangas\u0131 e\u015fli\u011finde Alia\u011fa K\u00fclt\u00fcr Merkezi Cemevi\u2019ne&#8230;<\/p>\n","protected":false},"author":1,"featured_media":49664,"comment_status":"open","ping_status":"open","sticky":false,"template":"","format":"standard","meta":{"_crdt_document":"","footnotes":""},"categories":[123],"tags":[],"class_list":["post-49663","post","type-post","status-publish","format-standard","has-post-thumbnail","hentry","category-gundem"],"_links":{"self":[{"href":"https:\/\/www.egemtv.com\/index.php?rest_route=\/wp\/v2\/posts\/49663","targetHints":{"allow":["GET"]}}],"collection":[{"href":"https:\/\/www.egemtv.com\/index.php?rest_route=\/wp\/v2\/posts"}],"about":[{"href":"https:\/\/www.egemtv.com\/index.php?rest_route=\/wp\/v2\/types\/post"}],"author":[{"embeddable":true,"href":"https:\/\/www.egemtv.com\/index.php?rest_route=\/wp\/v2\/users\/1"}],"replies":[{"embeddable":true,"href":"https:\/\/www.egemtv.com\/index.php?rest_route=%2Fwp%2Fv2%2Fcomments&post=49663"}],"version-history":[{"count":1,"href":"https:\/\/www.egemtv.com\/index.php?rest_route=\/wp\/v2\/posts\/49663\/revisions"}],"predecessor-version":[{"id":49665,"href":"https:\/\/www.egemtv.com\/index.php?rest_route=\/wp\/v2\/posts\/49663\/revisions\/49665"}],"wp:featuredmedia":[{"embeddable":true,"href":"https:\/\/www.egemtv.com\/index.php?rest_route=\/wp\/v2\/media\/49664"}],"wp:attachment":[{"href":"https:\/\/www.egemtv.com\/index.php?rest_route=%2Fwp%2Fv2%2Fmedia&parent=49663"}],"wp:term":[{"taxonomy":"category","embeddable":true,"href":"https:\/\/www.egemtv.com\/index.php?rest_route=%2Fwp%2Fv2%2Fcategories&post=49663"},{"taxonomy":"post_tag","embeddable":true,"href":"https:\/\/www.egemtv.com\/index.php?rest_route=%2Fwp%2Fv2%2Ftags&post=49663"}],"curies":[{"name":"wp","href":"https:\/\/api.w.org\/{rel}","templated":true}]}}