{"id":49660,"date":"2025-08-18T18:55:50","date_gmt":"2025-08-18T15:55:50","guid":{"rendered":"https:\/\/www.egemtv.com\/?p=49660"},"modified":"2025-08-18T18:55:51","modified_gmt":"2025-08-18T15:55:51","slug":"kutahyada-bicakli-kavga-2-cocuk-yaralandi","status":"publish","type":"post","link":"https:\/\/www.egemtv.com\/?p=49660","title":{"rendered":"K\u00fctahya\u2019da b\u0131\u00e7akl\u0131 kavga: 2 \u00e7ocuk yaraland\u0131"},"content":{"rendered":"<p>K\u00fctahya\u2019da bir \u00e7ocuk, mahalleden su doldurmak i\u00e7in gelen 2 \u00e7ocu\u011fu b\u0131\u00e7akla yaralad\u0131.<br \/>\n<br \/>Olay, Gaybiefendi Mahallesi\u2019nde belediye binas\u0131 yak\u0131nlar\u0131nda ya\u015fand\u0131. Edinilen bilgilere g\u00f6re, 18 ya\u015f\u0131ndan k\u00fc\u00e7\u00fck bir \u00e7ocuk, su doldurmaya gelen \u00e7ocuklarla tart\u0131\u015ft\u0131. &#8220;Buras\u0131 bizim mahalle, artistlik mi yap\u0131yorsunuz? Suyunuzu ba\u015fka yerde doldurun&#8221; diyerek sata\u015fmada bulundu\u011fu \u00f6ne s\u00fcr\u00fclen \u015f\u00fcpheli, 2 \u00e7ocu\u011fu bacaklar\u0131ndan b\u0131\u00e7akla yaralad\u0131. Olay\u0131n ard\u0131ndan b\u00f6lgeye polis ve sa\u011fl\u0131k ekipleri sevk edildi. Yaral\u0131 \u00e7ocuklar, ambulanslarla K\u00fctahya \u015eehir Hastanesi\u2019ne kald\u0131r\u0131ld\u0131. Tedavi alt\u0131na al\u0131nan M.D. ve H.Y.\u2019nin hayati tehlikelerinin bulunmad\u0131\u011f\u0131 \u00f6\u011frenildi. Polis ekipleri, olay\u0131n ard\u0131ndan ka\u00e7an \u00e7ocu\u011fu yakalamak i\u00e7in \u00e7al\u0131\u015fma ba\u015flatt\u0131.<br \/><\/p>\n","protected":false},"excerpt":{"rendered":"<p>K\u00fctahya\u2019da bir \u00e7ocuk, mahalleden su doldurmak i\u00e7in gelen 2 \u00e7ocu\u011fu b\u0131\u00e7akla yaralad\u0131. Olay, Gaybiefendi Mahallesi\u2019nde belediye binas\u0131 yak\u0131nlar\u0131nda ya\u015fand\u0131. Edinilen bilgilere g\u00f6re, 18 ya\u015f\u0131ndan k\u00fc\u00e7\u00fck bir \u00e7ocuk, su doldurmaya gelen \u00e7ocuklarla tart\u0131\u015ft\u0131. &#8220;Buras\u0131 bizim mahalle, artistlik mi yap\u0131yorsunuz? Suyunuzu ba\u015fka yerde doldurun&#8221; diyerek sata\u015fmada bulundu\u011fu \u00f6ne s\u00fcr\u00fclen \u015f\u00fcpheli, 2 \u00e7ocu\u011fu bacaklar\u0131ndan b\u0131\u00e7akla yaralad\u0131. Olay\u0131n ard\u0131ndan&#8230;<\/p>\n","protected":false},"author":1,"featured_media":49661,"comment_status":"open","ping_status":"open","sticky":false,"template":"","format":"standard","meta":{"_crdt_document":"","footnotes":""},"categories":[5],"tags":[],"class_list":["post-49660","post","type-post","status-publish","format-standard","has-post-thumbnail","hentry","category-asayis"],"_links":{"self":[{"href":"https:\/\/www.egemtv.com\/index.php?rest_route=\/wp\/v2\/posts\/49660","targetHints":{"allow":["GET"]}}],"collection":[{"href":"https:\/\/www.egemtv.com\/index.php?rest_route=\/wp\/v2\/posts"}],"about":[{"href":"https:\/\/www.egemtv.com\/index.php?rest_route=\/wp\/v2\/types\/post"}],"author":[{"embeddable":true,"href":"https:\/\/www.egemtv.com\/index.php?rest_route=\/wp\/v2\/users\/1"}],"replies":[{"embeddable":true,"href":"https:\/\/www.egemtv.com\/index.php?rest_route=%2Fwp%2Fv2%2Fcomments&post=49660"}],"version-history":[{"count":1,"href":"https:\/\/www.egemtv.com\/index.php?rest_route=\/wp\/v2\/posts\/49660\/revisions"}],"predecessor-version":[{"id":49662,"href":"https:\/\/www.egemtv.com\/index.php?rest_route=\/wp\/v2\/posts\/49660\/revisions\/49662"}],"wp:featuredmedia":[{"embeddable":true,"href":"https:\/\/www.egemtv.com\/index.php?rest_route=\/wp\/v2\/media\/49661"}],"wp:attachment":[{"href":"https:\/\/www.egemtv.com\/index.php?rest_route=%2Fwp%2Fv2%2Fmedia&parent=49660"}],"wp:term":[{"taxonomy":"category","embeddable":true,"href":"https:\/\/www.egemtv.com\/index.php?rest_route=%2Fwp%2Fv2%2Fcategories&post=49660"},{"taxonomy":"post_tag","embeddable":true,"href":"https:\/\/www.egemtv.com\/index.php?rest_route=%2Fwp%2Fv2%2Ftags&post=49660"}],"curies":[{"name":"wp","href":"https:\/\/api.w.org\/{rel}","templated":true}]}}