{"id":49657,"date":"2025-08-18T18:34:55","date_gmt":"2025-08-18T15:34:55","guid":{"rendered":"https:\/\/www.egemtv.com\/?p=49657"},"modified":"2025-08-18T18:34:55","modified_gmt":"2025-08-18T15:34:55","slug":"okul-insaatinda-yakilan-ates-ekipleri-harekete-gecirdi","status":"publish","type":"post","link":"https:\/\/www.egemtv.com\/?p=49657","title":{"rendered":"Okul in\u015faat\u0131nda yak\u0131lan ate\u015f ekipleri harekete ge\u00e7irdi"},"content":{"rendered":"<p>Burdur\u2019da bir okul in\u015faat\u0131nda i\u015f\u00e7iler taraf\u0131ndan temizlik i\u00e7in yak\u0131lan ate\u015f, itfaiye ve polis ekiplerini harekete ge\u00e7ti. Olay yerine \u00e7ok say\u0131da itfaiye ve polis ekibi sevk edilirken, s\u00f6nd\u00fcr\u00fclen ate\u015f sonras\u0131 ekipler normale d\u00f6nd\u00fc.<br \/>\n<br \/>Olay, Burdur merkez Emek Mahallesi\u2019nde Engelliler Okulu in\u015faat\u0131nda meydana geldi. Edinilen bilgilere g\u00f6re, in\u015faatta \u00e7al\u0131\u015fan i\u015f\u00e7ileri in\u015faat at\u0131klar\u0131n\u0131 ve \u00e7\u00f6pleri imha etmek amac\u0131yla ate\u015f yakt\u0131. Y\u0131\u011f\u0131n\u0131n i\u00e7indeki montajda kullan\u0131lan poli\u00fcretan k\u00f6p\u00fck i\u00e7erikli t\u00fcplerin patlamas\u0131 sonucu panikleyen \u00e7evredeki vatanda\u015flar, 112 Acil \u00c7a\u011fr\u0131 Merkezini arad\u0131. \u0130hbar \u00fczerine b\u00f6lgeye \u00e7ok say\u0131da itfaiye ve polis ekipleri sevk edildi. Olay yerine gelen itfaiye ekipleri ate\u015fi s\u00f6nd\u00fcr\u00fcrken, polis ekipleri olayla ilgili i\u015f\u00e7iler tutanak tuttu.<br \/><\/p>\n","protected":false},"excerpt":{"rendered":"<p>Burdur\u2019da bir okul in\u015faat\u0131nda i\u015f\u00e7iler taraf\u0131ndan temizlik i\u00e7in yak\u0131lan ate\u015f, itfaiye ve polis ekiplerini harekete ge\u00e7ti. Olay yerine \u00e7ok say\u0131da itfaiye ve polis ekibi sevk edilirken, s\u00f6nd\u00fcr\u00fclen ate\u015f sonras\u0131 ekipler normale d\u00f6nd\u00fc. Olay, Burdur merkez Emek Mahallesi\u2019nde Engelliler Okulu in\u015faat\u0131nda meydana geldi. Edinilen bilgilere g\u00f6re, in\u015faatta \u00e7al\u0131\u015fan i\u015f\u00e7ileri in\u015faat at\u0131klar\u0131n\u0131 ve \u00e7\u00f6pleri imha etmek amac\u0131yla&#8230;<\/p>\n","protected":false},"author":1,"featured_media":49658,"comment_status":"open","ping_status":"open","sticky":false,"template":"","format":"standard","meta":{"_crdt_document":"","footnotes":""},"categories":[5],"tags":[],"class_list":["post-49657","post","type-post","status-publish","format-standard","has-post-thumbnail","hentry","category-asayis"],"_links":{"self":[{"href":"https:\/\/www.egemtv.com\/index.php?rest_route=\/wp\/v2\/posts\/49657","targetHints":{"allow":["GET"]}}],"collection":[{"href":"https:\/\/www.egemtv.com\/index.php?rest_route=\/wp\/v2\/posts"}],"about":[{"href":"https:\/\/www.egemtv.com\/index.php?rest_route=\/wp\/v2\/types\/post"}],"author":[{"embeddable":true,"href":"https:\/\/www.egemtv.com\/index.php?rest_route=\/wp\/v2\/users\/1"}],"replies":[{"embeddable":true,"href":"https:\/\/www.egemtv.com\/index.php?rest_route=%2Fwp%2Fv2%2Fcomments&post=49657"}],"version-history":[{"count":1,"href":"https:\/\/www.egemtv.com\/index.php?rest_route=\/wp\/v2\/posts\/49657\/revisions"}],"predecessor-version":[{"id":49659,"href":"https:\/\/www.egemtv.com\/index.php?rest_route=\/wp\/v2\/posts\/49657\/revisions\/49659"}],"wp:featuredmedia":[{"embeddable":true,"href":"https:\/\/www.egemtv.com\/index.php?rest_route=\/wp\/v2\/media\/49658"}],"wp:attachment":[{"href":"https:\/\/www.egemtv.com\/index.php?rest_route=%2Fwp%2Fv2%2Fmedia&parent=49657"}],"wp:term":[{"taxonomy":"category","embeddable":true,"href":"https:\/\/www.egemtv.com\/index.php?rest_route=%2Fwp%2Fv2%2Fcategories&post=49657"},{"taxonomy":"post_tag","embeddable":true,"href":"https:\/\/www.egemtv.com\/index.php?rest_route=%2Fwp%2Fv2%2Ftags&post=49657"}],"curies":[{"name":"wp","href":"https:\/\/api.w.org\/{rel}","templated":true}]}}