{"id":49654,"date":"2025-08-18T17:54:43","date_gmt":"2025-08-18T14:54:43","guid":{"rendered":"https:\/\/www.egemtv.com\/?p=49654"},"modified":"2025-08-18T17:54:44","modified_gmt":"2025-08-18T14:54:44","slug":"chp-urla-ilce-baskan-adayinin-is-yerine-silahli-saldiri","status":"publish","type":"post","link":"https:\/\/www.egemtv.com\/?p=49654","title":{"rendered":"CHP Urla \u0130l\u00e7e Ba\u015fkan aday\u0131n\u0131n i\u015f yerine silahl\u0131 sald\u0131r\u0131:"},"content":{"rendered":"<p>\u0130zmir\u2019in Urla il\u00e7esinde CHP Urla \u0130l\u00e7e Ba\u015fkan Aday\u0131 Bahri Yalaz\u2019a ait i\u015fyerine silahl\u0131 sald\u0131r\u0131 d\u00fczenlendi. Yap\u0131lan incelemelerde sald\u0131r\u0131n\u0131n yanl\u0131\u015fl\u0131kla ger\u00e7ekle\u015ftirildi\u011fi ortaya \u00e7\u0131karken, sald\u0131r\u0131y\u0131 ger\u00e7ekle\u015ftiren 3 \u015f\u00fcpheli polis ekiplerinin h\u0131zl\u0131 takibiyle Karaba\u011flar\u2019da silahlar\u0131yla birlikte yakaland\u0131.<br \/>\n<br \/>Olay, bug\u00fcn 75. Y\u0131l Cumhuriyet Caddesinde bulunan ve CHP Urla \u0130l\u00e7e Ba\u015fkan Aday\u0131 Bahri Yalaz\u2019\u0131n sahibi oldu\u011fu sigortac\u0131 d\u00fckkan\u0131nda meydana geldi. Edinilen bilgiye g\u00f6re, kimli\u011fi belirsiz bir ki\u015fi i\u015fyerine yakla\u015farak cam\u0131n d\u0131\u015f\u0131ndan 3 el ate\u015f etti. \u015e\u00fcpheli daha sonra h\u0131zla olay yerinden ka\u00e7t\u0131. \u0130hbar \u00fczerine Urla Emniyet M\u00fcd\u00fcrl\u00fc\u011f\u00fc ekipleri b\u00f6lgeye sevk edilerek \u00e7evrede g\u00fcvenlik \u00f6nlemleri ald\u0131. Sald\u0131r\u0131 s\u0131ras\u0131nda i\u00e7eride hem \u00e7al\u0131\u015fanlar\u0131n hem de m\u00fc\u015fterilerin bulundu\u011fu \u00f6\u011frenilirken, \u015fans eseri yaralanan olmad\u0131.<br \/>\n<br \/>Yap\u0131lan ara\u015ft\u0131rmada, sald\u0131rganlar\u0131n as\u0131l hedefinin Yalaz\u2019\u0131n i\u015f yeri de\u011fil, yan d\u00fckkan\u0131n sahibi oldu\u011fu belirlendi. Urla \u0130l\u00e7e Emniyet M\u00fcd\u00fcrl\u00fc\u011f\u00fc ve Asayi\u015f \u015eube M\u00fcd\u00fcrl\u00fc\u011f\u00fc ekiplerinin ortak \u00e7al\u0131\u015fmas\u0131 sonucu, sald\u0131r\u0131y\u0131 ger\u00e7ekle\u015ftiren 3 \u015f\u00fcpheli k\u0131sa s\u00fcrede Karaba\u011flar\u2019da yakalanarak g\u00f6zalt\u0131na al\u0131nd\u0131. \u00c7evredeki g\u00fcvenlik kameralar\u0131n\u0131n da incelendi\u011fi olayla ilgili geni\u015f \u00e7apl\u0131 soru\u015fturma s\u00fcr\u00fcyor.<br \/><\/p>\n","protected":false},"excerpt":{"rendered":"<p>\u0130zmir\u2019in Urla il\u00e7esinde CHP Urla \u0130l\u00e7e Ba\u015fkan Aday\u0131 Bahri Yalaz\u2019a ait i\u015fyerine silahl\u0131 sald\u0131r\u0131 d\u00fczenlendi. Yap\u0131lan incelemelerde sald\u0131r\u0131n\u0131n yanl\u0131\u015fl\u0131kla ger\u00e7ekle\u015ftirildi\u011fi ortaya \u00e7\u0131karken, sald\u0131r\u0131y\u0131 ger\u00e7ekle\u015ftiren 3 \u015f\u00fcpheli polis ekiplerinin h\u0131zl\u0131 takibiyle Karaba\u011flar\u2019da silahlar\u0131yla birlikte yakaland\u0131. Olay, bug\u00fcn 75. Y\u0131l Cumhuriyet Caddesinde bulunan ve CHP Urla \u0130l\u00e7e Ba\u015fkan Aday\u0131 Bahri Yalaz\u2019\u0131n sahibi oldu\u011fu sigortac\u0131 d\u00fckkan\u0131nda meydana geldi&#8230;.<\/p>\n","protected":false},"author":1,"featured_media":49655,"comment_status":"open","ping_status":"open","sticky":false,"template":"","format":"standard","meta":{"_crdt_document":"","footnotes":""},"categories":[5],"tags":[],"class_list":["post-49654","post","type-post","status-publish","format-standard","has-post-thumbnail","hentry","category-asayis"],"_links":{"self":[{"href":"https:\/\/www.egemtv.com\/index.php?rest_route=\/wp\/v2\/posts\/49654","targetHints":{"allow":["GET"]}}],"collection":[{"href":"https:\/\/www.egemtv.com\/index.php?rest_route=\/wp\/v2\/posts"}],"about":[{"href":"https:\/\/www.egemtv.com\/index.php?rest_route=\/wp\/v2\/types\/post"}],"author":[{"embeddable":true,"href":"https:\/\/www.egemtv.com\/index.php?rest_route=\/wp\/v2\/users\/1"}],"replies":[{"embeddable":true,"href":"https:\/\/www.egemtv.com\/index.php?rest_route=%2Fwp%2Fv2%2Fcomments&post=49654"}],"version-history":[{"count":1,"href":"https:\/\/www.egemtv.com\/index.php?rest_route=\/wp\/v2\/posts\/49654\/revisions"}],"predecessor-version":[{"id":49656,"href":"https:\/\/www.egemtv.com\/index.php?rest_route=\/wp\/v2\/posts\/49654\/revisions\/49656"}],"wp:featuredmedia":[{"embeddable":true,"href":"https:\/\/www.egemtv.com\/index.php?rest_route=\/wp\/v2\/media\/49655"}],"wp:attachment":[{"href":"https:\/\/www.egemtv.com\/index.php?rest_route=%2Fwp%2Fv2%2Fmedia&parent=49654"}],"wp:term":[{"taxonomy":"category","embeddable":true,"href":"https:\/\/www.egemtv.com\/index.php?rest_route=%2Fwp%2Fv2%2Fcategories&post=49654"},{"taxonomy":"post_tag","embeddable":true,"href":"https:\/\/www.egemtv.com\/index.php?rest_route=%2Fwp%2Fv2%2Ftags&post=49654"}],"curies":[{"name":"wp","href":"https:\/\/api.w.org\/{rel}","templated":true}]}}