{"id":49651,"date":"2025-08-18T17:14:48","date_gmt":"2025-08-18T14:14:48","guid":{"rendered":"https:\/\/www.egemtv.com\/?p=49651"},"modified":"2025-08-18T17:14:49","modified_gmt":"2025-08-18T14:14:49","slug":"muglada-memurlar-is-birakip-tabutlu-eylem-yapti","status":"publish","type":"post","link":"https:\/\/www.egemtv.com\/?p=49651","title":{"rendered":"Mu\u011fla\u2019da memurlar i\u015f b\u0131rak\u0131p tabutlu eylem yapt\u0131"},"content":{"rendered":"<p>T\u00fcrkiye genelinde ger\u00e7ekle\u015ftirilen 1 g\u00fcnl\u00fck i\u015f b\u0131rakma eyleminin bir aya\u011f\u0131 da Mu\u011fla\u2019da yap\u0131ld\u0131. \u00c7e\u015fitli sendikalar\u0131n kat\u0131l\u0131m\u0131yla d\u00fczenlenen eylem, yo\u011fun g\u00fcvenlik \u00f6nlemleri alt\u0131nda ger\u00e7ekle\u015firken, memurlar SGK \u0130l M\u00fcd\u00fcrl\u00fc\u011f\u00fc \u00f6n\u00fcne tabut b\u0131rakt\u0131.<br \/>\n<br \/>Sabah saatlerinde S\u0131n\u0131rs\u0131zl\u0131k Meydan\u0131\u2019nda toplanan sendika \u00fcyeleri ve kamu \u00e7al\u0131\u015fanlar\u0131, ellerinde pankartlarla Mu\u011fla SGK \u0130l M\u00fcd\u00fcrl\u00fc\u011f\u00fc\u2019ne y\u00fcr\u00fcy\u00fc\u015f d\u00fczenledi. Polis ekiplerinin g\u00fcvenlik \u00f6nlemleri alt\u0131nda ger\u00e7ekle\u015fen y\u00fcr\u00fcy\u00fc\u015f, kurum \u00f6n\u00fcnde yap\u0131lan bas\u0131n a\u00e7\u0131klamas\u0131yla son buldu.<br \/>\n<br \/>Eyleme kat\u0131lan sendika \u00fcyeleri \u00fczerinde &#8220;Emekli; Ruhuna Fatiha&#8221; yaz\u0131l\u0131 temsili tabutu SGK il binas\u0131 \u00f6n\u00fcne kadar ta\u015f\u0131d\u0131.<br \/>\n<br \/>SGK \u0130l M\u00fcd\u00fcrl\u00fc\u011f\u00fc \u00f6n\u00fcnde yap\u0131lan bas\u0131n a\u00e7\u0131klamas\u0131nda konu\u015fan sendika temsilcileri, ekonomik kriz, d\u00fc\u015f\u00fck \u00fccretler, y\u00fcksek enflasyon ve \u00e7al\u0131\u015fma \u015fartlar\u0131na y\u00f6nelik ele\u015ftirilerini dile getirdi. Taleplerini s\u0131ralayan sendikac\u0131lar, hak aray\u0131\u015flar\u0131n\u0131n kararl\u0131l\u0131kla s\u00fcrece\u011fini vurgulad\u0131.<br \/>\n<br \/>A\u00e7\u0131klamada, &#8220;Emeklilerin al\u0131m g\u00fcc\u00fc her ge\u00e7en g\u00fcn d\u00fc\u015f\u00fcyor, kamu \u00e7al\u0131\u015fanlar\u0131 ge\u00e7inemiyor. Bu gidi\u015fata \u2018dur\u2019 demek i\u00e7in T\u00fcrkiye\u2019nin d\u00f6rt bir yan\u0131nda i\u015f b\u0131rak\u0131yoruz&#8221; ifadeleri kullan\u0131ld\u0131.<br \/>\n<br \/>Polisin yo\u011fun g\u00fcvenlik tedbiri ald\u0131\u011f\u0131 bas\u0131n a\u00e7\u0131klamas\u0131n\u0131n ard\u0131ndan eylem, olays\u0131z bir \u015fekilde sona erdi.<br \/><\/p>\n","protected":false},"excerpt":{"rendered":"<p>T\u00fcrkiye genelinde ger\u00e7ekle\u015ftirilen 1 g\u00fcnl\u00fck i\u015f b\u0131rakma eyleminin bir aya\u011f\u0131 da Mu\u011fla\u2019da yap\u0131ld\u0131. \u00c7e\u015fitli sendikalar\u0131n kat\u0131l\u0131m\u0131yla d\u00fczenlenen eylem, yo\u011fun g\u00fcvenlik \u00f6nlemleri alt\u0131nda ger\u00e7ekle\u015firken, memurlar SGK \u0130l M\u00fcd\u00fcrl\u00fc\u011f\u00fc \u00f6n\u00fcne tabut b\u0131rakt\u0131. Sabah saatlerinde S\u0131n\u0131rs\u0131zl\u0131k Meydan\u0131\u2019nda toplanan sendika \u00fcyeleri ve kamu \u00e7al\u0131\u015fanlar\u0131, ellerinde pankartlarla Mu\u011fla SGK \u0130l M\u00fcd\u00fcrl\u00fc\u011f\u00fc\u2019ne y\u00fcr\u00fcy\u00fc\u015f d\u00fczenledi. Polis ekiplerinin g\u00fcvenlik \u00f6nlemleri alt\u0131nda ger\u00e7ekle\u015fen y\u00fcr\u00fcy\u00fc\u015f,&#8230;<\/p>\n","protected":false},"author":1,"featured_media":49652,"comment_status":"open","ping_status":"open","sticky":false,"template":"","format":"standard","meta":{"_crdt_document":"","footnotes":""},"categories":[1],"tags":[],"class_list":["post-49651","post","type-post","status-publish","format-standard","has-post-thumbnail","hentry","category-guncel"],"_links":{"self":[{"href":"https:\/\/www.egemtv.com\/index.php?rest_route=\/wp\/v2\/posts\/49651","targetHints":{"allow":["GET"]}}],"collection":[{"href":"https:\/\/www.egemtv.com\/index.php?rest_route=\/wp\/v2\/posts"}],"about":[{"href":"https:\/\/www.egemtv.com\/index.php?rest_route=\/wp\/v2\/types\/post"}],"author":[{"embeddable":true,"href":"https:\/\/www.egemtv.com\/index.php?rest_route=\/wp\/v2\/users\/1"}],"replies":[{"embeddable":true,"href":"https:\/\/www.egemtv.com\/index.php?rest_route=%2Fwp%2Fv2%2Fcomments&post=49651"}],"version-history":[{"count":1,"href":"https:\/\/www.egemtv.com\/index.php?rest_route=\/wp\/v2\/posts\/49651\/revisions"}],"predecessor-version":[{"id":49653,"href":"https:\/\/www.egemtv.com\/index.php?rest_route=\/wp\/v2\/posts\/49651\/revisions\/49653"}],"wp:featuredmedia":[{"embeddable":true,"href":"https:\/\/www.egemtv.com\/index.php?rest_route=\/wp\/v2\/media\/49652"}],"wp:attachment":[{"href":"https:\/\/www.egemtv.com\/index.php?rest_route=%2Fwp%2Fv2%2Fmedia&parent=49651"}],"wp:term":[{"taxonomy":"category","embeddable":true,"href":"https:\/\/www.egemtv.com\/index.php?rest_route=%2Fwp%2Fv2%2Fcategories&post=49651"},{"taxonomy":"post_tag","embeddable":true,"href":"https:\/\/www.egemtv.com\/index.php?rest_route=%2Fwp%2Fv2%2Ftags&post=49651"}],"curies":[{"name":"wp","href":"https:\/\/api.w.org\/{rel}","templated":true}]}}