{"id":49648,"date":"2025-08-18T16:54:56","date_gmt":"2025-08-18T13:54:56","guid":{"rendered":"https:\/\/www.egemtv.com\/?p=49648"},"modified":"2025-08-18T16:54:57","modified_gmt":"2025-08-18T13:54:57","slug":"kutahya-valisi-musa-isin-vatandaslarin-sorun-ve-ihtiyaclarini-yakindan-takip-ediyoruz","status":"publish","type":"post","link":"https:\/\/www.egemtv.com\/?p=49648","title":{"rendered":"K\u00fctahya Valisi Musa I\u015f\u0131n,&#8221; Vatanda\u015flar\u0131n sorun ve ihtiya\u00e7lar\u0131n\u0131 yak\u0131ndan takip ediyoruz&#8221;"},"content":{"rendered":"<p>K\u00fctahya Valisi Musa I\u015f\u0131n, Hisarc\u0131k il\u00e7esini ziyaretinde yapt\u0131\u011f\u0131 a\u00e7\u0131klamada, vatanda\u015flar\u0131n sorun ve ihtiya\u00e7lar\u0131n\u0131 yak\u0131ndan takip ettiklerini s\u00f6yledi.<br \/>\n<br \/>Vali Musa I\u015f\u0131n, Hisarc\u0131k il\u00e7esindeki temaslar\u0131na Belediye Ba\u015fkan\u0131 Mustafa Demirta\u015f\u2019\u0131 makam\u0131nda ziyaret ederek ba\u015flad\u0131. Ziyaret program\u0131na Milletvekili \u0130smail \u00c7a\u011flar Bay\u0131rc\u0131, Hisarc\u0131k Kaymakam Vekili Emet Kaymakam\u0131 Mehmet Alperen Ba\u015fkapan, AK Parti \u0130l Ba\u015fkan\u0131 Ceyda \u00c7etin Erenler ve il\u00e7e protokol\u00fc kat\u0131ld\u0131. Belediye ziyaretinin ard\u0131ndan Vali I\u015f\u0131n, vatanda\u015flar ve muhtarlarla bir araya gelerek taleplerini dinledi. Vatanda\u015flar\u0131n sorun ve ihtiya\u00e7lar\u0131n\u0131 yak\u0131ndan takip ettiklerini belirten Say\u0131n Valimiz, hizmetlerin en iyi \u015fekilde sunulmas\u0131 i\u00e7in gayret g\u00f6stermeye devam edeceklerini ifade etti.<br \/><\/p>\n","protected":false},"excerpt":{"rendered":"<p>K\u00fctahya Valisi Musa I\u015f\u0131n, Hisarc\u0131k il\u00e7esini ziyaretinde yapt\u0131\u011f\u0131 a\u00e7\u0131klamada, vatanda\u015flar\u0131n sorun ve ihtiya\u00e7lar\u0131n\u0131 yak\u0131ndan takip ettiklerini s\u00f6yledi. Vali Musa I\u015f\u0131n, Hisarc\u0131k il\u00e7esindeki temaslar\u0131na Belediye Ba\u015fkan\u0131 Mustafa Demirta\u015f\u2019\u0131 makam\u0131nda ziyaret ederek ba\u015flad\u0131. Ziyaret program\u0131na Milletvekili \u0130smail \u00c7a\u011flar Bay\u0131rc\u0131, Hisarc\u0131k Kaymakam Vekili Emet Kaymakam\u0131 Mehmet Alperen Ba\u015fkapan, AK Parti \u0130l Ba\u015fkan\u0131 Ceyda \u00c7etin Erenler ve il\u00e7e protokol\u00fc&#8230;<\/p>\n","protected":false},"author":1,"featured_media":49649,"comment_status":"open","ping_status":"open","sticky":false,"template":"","format":"standard","meta":{"_crdt_document":"","footnotes":""},"categories":[123],"tags":[],"class_list":["post-49648","post","type-post","status-publish","format-standard","has-post-thumbnail","hentry","category-gundem"],"_links":{"self":[{"href":"https:\/\/www.egemtv.com\/index.php?rest_route=\/wp\/v2\/posts\/49648","targetHints":{"allow":["GET"]}}],"collection":[{"href":"https:\/\/www.egemtv.com\/index.php?rest_route=\/wp\/v2\/posts"}],"about":[{"href":"https:\/\/www.egemtv.com\/index.php?rest_route=\/wp\/v2\/types\/post"}],"author":[{"embeddable":true,"href":"https:\/\/www.egemtv.com\/index.php?rest_route=\/wp\/v2\/users\/1"}],"replies":[{"embeddable":true,"href":"https:\/\/www.egemtv.com\/index.php?rest_route=%2Fwp%2Fv2%2Fcomments&post=49648"}],"version-history":[{"count":1,"href":"https:\/\/www.egemtv.com\/index.php?rest_route=\/wp\/v2\/posts\/49648\/revisions"}],"predecessor-version":[{"id":49650,"href":"https:\/\/www.egemtv.com\/index.php?rest_route=\/wp\/v2\/posts\/49648\/revisions\/49650"}],"wp:featuredmedia":[{"embeddable":true,"href":"https:\/\/www.egemtv.com\/index.php?rest_route=\/wp\/v2\/media\/49649"}],"wp:attachment":[{"href":"https:\/\/www.egemtv.com\/index.php?rest_route=%2Fwp%2Fv2%2Fmedia&parent=49648"}],"wp:term":[{"taxonomy":"category","embeddable":true,"href":"https:\/\/www.egemtv.com\/index.php?rest_route=%2Fwp%2Fv2%2Fcategories&post=49648"},{"taxonomy":"post_tag","embeddable":true,"href":"https:\/\/www.egemtv.com\/index.php?rest_route=%2Fwp%2Fv2%2Ftags&post=49648"}],"curies":[{"name":"wp","href":"https:\/\/api.w.org\/{rel}","templated":true}]}}