{"id":49645,"date":"2025-08-18T16:54:55","date_gmt":"2025-08-18T13:54:55","guid":{"rendered":"https:\/\/www.egemtv.com\/?p=49645"},"modified":"2025-08-18T16:54:56","modified_gmt":"2025-08-18T13:54:56","slug":"usak-egitim-ve-arastirma-hastanesi-kadrosuna-yeni-uzman-doktorlar-katildi-2","status":"publish","type":"post","link":"https:\/\/www.egemtv.com\/?p=49645","title":{"rendered":"U\u015fak E\u011fitim ve Ara\u015ft\u0131rma Hastanesi kadrosuna yeni uzman doktorlar kat\u0131ld\u0131"},"content":{"rendered":"<p>U\u015fak E\u011fitim ve Ara\u015ft\u0131rma Hastanesi, kadrosunu geni\u015fletmeye devam ediyor.<\/p>\n<p>Ge\u00e7ti\u011fimiz g\u00fcnlerde G\u00f6z Hastal\u0131klar\u0131 Uzman\u0131 Dr. Ata Baytaro\u011flu, N\u00f6roloji Uzman\u0131 Dr. Elif G\u00f6zde T\u00fcredi Karabulut ve Radyoloji Uzmanlar\u0131 Dr. Gizem \u00d6zmen ile Dr. Cihat P\u0131narc\u0131\u2019y\u0131 b\u00fcnyesine katan hastane, iki yeni uzman hekimin daha g\u00f6reve ba\u015flad\u0131\u011f\u0131n\u0131 duyurdu.<\/p>\n<p>Hastaneden yap\u0131lan a\u00e7\u0131klamada, \u00c7ocuk ve Ergen Ruh Sa\u011fl\u0131\u011f\u0131 ve Hastal\u0131klar\u0131 Uzman\u0131 Dr. \u00d6zge G\u00f6za\u00e7anlar \u00d6zkan ile Hematoloji Uzman\u0131 Dr. Fatma Eda Nuho\u011flu Kantarc\u0131\u2019n\u0131n hasta kabul\u00fcne ba\u015flad\u0131\u011f\u0131 bildirildi.<br \/>\n<br \/>Hastane yetkilileri, yeni kat\u0131lan uzmanlarla birlikte sa\u011fl\u0131k hizmetlerinde kaliteyi art\u0131rmay\u0131 ve hasta memnuniyetini en \u00fcst seviyeye \u00e7\u0131karmay\u0131 hedeflediklerini belirtti.<br \/><\/p>\n","protected":false},"excerpt":{"rendered":"<p>U\u015fak E\u011fitim ve Ara\u015ft\u0131rma Hastanesi, kadrosunu geni\u015fletmeye devam ediyor. Ge\u00e7ti\u011fimiz g\u00fcnlerde G\u00f6z Hastal\u0131klar\u0131 Uzman\u0131 Dr. Ata Baytaro\u011flu, N\u00f6roloji Uzman\u0131 Dr. Elif G\u00f6zde T\u00fcredi Karabulut ve Radyoloji Uzmanlar\u0131 Dr. Gizem \u00d6zmen ile Dr. Cihat P\u0131narc\u0131\u2019y\u0131 b\u00fcnyesine katan hastane, iki yeni uzman hekimin daha g\u00f6reve ba\u015flad\u0131\u011f\u0131n\u0131 duyurdu. Hastaneden yap\u0131lan a\u00e7\u0131klamada, \u00c7ocuk ve Ergen Ruh Sa\u011fl\u0131\u011f\u0131 ve Hastal\u0131klar\u0131&#8230;<\/p>\n","protected":false},"author":1,"featured_media":49646,"comment_status":"open","ping_status":"open","sticky":false,"template":"","format":"standard","meta":{"_crdt_document":"","footnotes":""},"categories":[2],"tags":[],"class_list":["post-49645","post","type-post","status-publish","format-standard","has-post-thumbnail","hentry","category-saglik"],"_links":{"self":[{"href":"https:\/\/www.egemtv.com\/index.php?rest_route=\/wp\/v2\/posts\/49645","targetHints":{"allow":["GET"]}}],"collection":[{"href":"https:\/\/www.egemtv.com\/index.php?rest_route=\/wp\/v2\/posts"}],"about":[{"href":"https:\/\/www.egemtv.com\/index.php?rest_route=\/wp\/v2\/types\/post"}],"author":[{"embeddable":true,"href":"https:\/\/www.egemtv.com\/index.php?rest_route=\/wp\/v2\/users\/1"}],"replies":[{"embeddable":true,"href":"https:\/\/www.egemtv.com\/index.php?rest_route=%2Fwp%2Fv2%2Fcomments&post=49645"}],"version-history":[{"count":1,"href":"https:\/\/www.egemtv.com\/index.php?rest_route=\/wp\/v2\/posts\/49645\/revisions"}],"predecessor-version":[{"id":49647,"href":"https:\/\/www.egemtv.com\/index.php?rest_route=\/wp\/v2\/posts\/49645\/revisions\/49647"}],"wp:featuredmedia":[{"embeddable":true,"href":"https:\/\/www.egemtv.com\/index.php?rest_route=\/wp\/v2\/media\/49646"}],"wp:attachment":[{"href":"https:\/\/www.egemtv.com\/index.php?rest_route=%2Fwp%2Fv2%2Fmedia&parent=49645"}],"wp:term":[{"taxonomy":"category","embeddable":true,"href":"https:\/\/www.egemtv.com\/index.php?rest_route=%2Fwp%2Fv2%2Fcategories&post=49645"},{"taxonomy":"post_tag","embeddable":true,"href":"https:\/\/www.egemtv.com\/index.php?rest_route=%2Fwp%2Fv2%2Ftags&post=49645"}],"curies":[{"name":"wp","href":"https:\/\/api.w.org\/{rel}","templated":true}]}}