{"id":49642,"date":"2025-08-18T16:54:54","date_gmt":"2025-08-18T13:54:54","guid":{"rendered":"https:\/\/www.egemtv.com\/?p=49642"},"modified":"2025-08-18T16:54:55","modified_gmt":"2025-08-18T13:54:55","slug":"nazillideki-ekmek-firininda-cikan-yangin-panikletti","status":"publish","type":"post","link":"https:\/\/www.egemtv.com\/?p=49642","title":{"rendered":"Nazilli\u2019deki ekmek f\u0131r\u0131n\u0131nda \u00e7\u0131kan yang\u0131n panikletti"},"content":{"rendered":"<p>Ayd\u0131n\u2019\u0131n Nazilli il\u00e7esinde bir ekmek f\u0131r\u0131n\u0131nda meydana gelen yang\u0131n pani\u011fe neden olurken, f\u0131r\u0131n kullan\u0131lamaz hale geldi.<\/p>\n<p>Yang\u0131n, Arslanl\u0131 Mahallesi 3129 sokak \u00fczerinde bulunan bir ekmek f\u0131r\u0131n\u0131nda meydana geldi. Edinilen bilgiye g\u00f6re, hen\u00fcz bilinmeyen bir nedenle f\u0131r\u0131nda yang\u0131n \u00e7\u0131kt\u0131. Yo\u011fun duman\u0131 fark eden vatanda\u015flar durumu 112 Acil \u00c7a\u011fr\u0131 Merkezi\u2019ne bildirdi. \u0130hbar \u00fczerine b\u00f6lgeye itfaiye ve polis ekipleri sevk edildi. K\u0131sa s\u00fcrede olay yerine gelen Ayd\u0131n B\u00fcy\u00fck\u015fehir Belediyesi \u0130tfaiye Daire Ba\u015fkanl\u0131\u011f\u0131 ekipleri yang\u0131na m\u00fcdahale etti. Ekiplerin h\u0131zl\u0131 m\u00fcdahalesi ile alevler b\u00fcy\u00fcmeden s\u00f6nd\u00fcr\u00fcl\u00fcrken, ekmek f\u0131r\u0131n\u0131 kullan\u0131lamaz hale geldi.  Ekipler yang\u0131n\u0131n \u00e7\u0131k\u0131\u015f nedeninin belirlenebilmesi i\u00e7in \u00e7al\u0131\u015fma ba\u015flatt\u0131.<\/p>\n<p>Olayla ilgili soru\u015fturma s\u00fcr\u00fcyor.<br \/><\/p>\n","protected":false},"excerpt":{"rendered":"<p>Ayd\u0131n\u2019\u0131n Nazilli il\u00e7esinde bir ekmek f\u0131r\u0131n\u0131nda meydana gelen yang\u0131n pani\u011fe neden olurken, f\u0131r\u0131n kullan\u0131lamaz hale geldi. Yang\u0131n, Arslanl\u0131 Mahallesi 3129 sokak \u00fczerinde bulunan bir ekmek f\u0131r\u0131n\u0131nda meydana geldi. Edinilen bilgiye g\u00f6re, hen\u00fcz bilinmeyen bir nedenle f\u0131r\u0131nda yang\u0131n \u00e7\u0131kt\u0131. Yo\u011fun duman\u0131 fark eden vatanda\u015flar durumu 112 Acil \u00c7a\u011fr\u0131 Merkezi\u2019ne bildirdi. \u0130hbar \u00fczerine b\u00f6lgeye itfaiye ve polis&#8230;<\/p>\n","protected":false},"author":1,"featured_media":49643,"comment_status":"open","ping_status":"open","sticky":false,"template":"","format":"standard","meta":{"_crdt_document":"","footnotes":""},"categories":[5],"tags":[],"class_list":["post-49642","post","type-post","status-publish","format-standard","has-post-thumbnail","hentry","category-asayis"],"_links":{"self":[{"href":"https:\/\/www.egemtv.com\/index.php?rest_route=\/wp\/v2\/posts\/49642","targetHints":{"allow":["GET"]}}],"collection":[{"href":"https:\/\/www.egemtv.com\/index.php?rest_route=\/wp\/v2\/posts"}],"about":[{"href":"https:\/\/www.egemtv.com\/index.php?rest_route=\/wp\/v2\/types\/post"}],"author":[{"embeddable":true,"href":"https:\/\/www.egemtv.com\/index.php?rest_route=\/wp\/v2\/users\/1"}],"replies":[{"embeddable":true,"href":"https:\/\/www.egemtv.com\/index.php?rest_route=%2Fwp%2Fv2%2Fcomments&post=49642"}],"version-history":[{"count":1,"href":"https:\/\/www.egemtv.com\/index.php?rest_route=\/wp\/v2\/posts\/49642\/revisions"}],"predecessor-version":[{"id":49644,"href":"https:\/\/www.egemtv.com\/index.php?rest_route=\/wp\/v2\/posts\/49642\/revisions\/49644"}],"wp:featuredmedia":[{"embeddable":true,"href":"https:\/\/www.egemtv.com\/index.php?rest_route=\/wp\/v2\/media\/49643"}],"wp:attachment":[{"href":"https:\/\/www.egemtv.com\/index.php?rest_route=%2Fwp%2Fv2%2Fmedia&parent=49642"}],"wp:term":[{"taxonomy":"category","embeddable":true,"href":"https:\/\/www.egemtv.com\/index.php?rest_route=%2Fwp%2Fv2%2Fcategories&post=49642"},{"taxonomy":"post_tag","embeddable":true,"href":"https:\/\/www.egemtv.com\/index.php?rest_route=%2Fwp%2Fv2%2Ftags&post=49642"}],"curies":[{"name":"wp","href":"https:\/\/api.w.org\/{rel}","templated":true}]}}