{"id":49639,"date":"2025-08-18T16:54:53","date_gmt":"2025-08-18T13:54:53","guid":{"rendered":"https:\/\/www.egemtv.com\/?p=49639"},"modified":"2025-08-18T16:54:54","modified_gmt":"2025-08-18T13:54:54","slug":"usakta-yeni-destekleme-modeli-ve-kuraklik-tedbirleri-ciftcilere-anlatildi","status":"publish","type":"post","link":"https:\/\/www.egemtv.com\/?p=49639","title":{"rendered":"U\u015fak\u2019ta yeni destekleme modeli ve kurakl\u0131k tedbirleri \u00e7ift\u00e7ilere anlat\u0131ld\u0131"},"content":{"rendered":"<p>\u0130l Tar\u0131m ve Orman M\u00fcd\u00fcr\u00fc Serkan Bilir, \u0130l M\u00fcd\u00fcr Yard\u0131mc\u0131lar\u0131, \u015eube ve \u0130l\u00e7e M\u00fcd\u00fcrleri ile teknik personellerin kat\u0131l\u0131m\u0131yla k\u00f6y ziyaretleri ger\u00e7ekle\u015ftirildi.<\/p>\n<p>Ziyaretlerde \u00e7ift\u00e7ilerle bir araya gelen ekip, \u00fcreticilerin sorunlar\u0131n\u0131 yerinde dinleyerek \u00e7\u00f6z\u00fcm \u00f6nerilerini payla\u015ft\u0131. Toplant\u0131larda \u00f6zellikle tar\u0131m say\u0131m\u0131, Bakanl\u0131\u011f\u0131n yeni destekleme modeli ve b\u00f6lgeyi yak\u0131ndan ilgilendiren kurakl\u0131k konular\u0131 g\u00fcndeme geldi. \u00c7ift\u00e7ilerin taleplerinin al\u0131nd\u0131\u011f\u0131 ziyaretlerde, do\u011fru planlama yap\u0131labilmesi i\u00e7in tar\u0131m say\u0131m\u0131n\u0131n \u00f6nemi vurgulan\u0131rken, yeni destekleme modeliyle \u00fcreticilerin daha g\u00fc\u00e7l\u00fc bir \u015fekilde b\u00fcy\u00fcmesinin hedeflendi\u011fi ifade edildi. Ayr\u0131ca kurakl\u0131kla etkin m\u00fccadele i\u00e7in at\u0131lacak ad\u0131mlar hakk\u0131nda bilgilendirme yap\u0131ld\u0131.<\/p>\n<p>\u0130l Tar\u0131m ve Orman M\u00fcd\u00fcrl\u00fc\u011f\u00fc\u2019nden yap\u0131lan a\u00e7\u0131klamada, tar\u0131msal \u00fcretimin s\u00fcrd\u00fcr\u00fclebilirli\u011fini sa\u011flamak i\u00e7in sahada \u00e7ift\u00e7ilerle bulu\u015fmaya devam edilece\u011fi belirtildi.<br \/><\/p>\n","protected":false},"excerpt":{"rendered":"<p>\u0130l Tar\u0131m ve Orman M\u00fcd\u00fcr\u00fc Serkan Bilir, \u0130l M\u00fcd\u00fcr Yard\u0131mc\u0131lar\u0131, \u015eube ve \u0130l\u00e7e M\u00fcd\u00fcrleri ile teknik personellerin kat\u0131l\u0131m\u0131yla k\u00f6y ziyaretleri ger\u00e7ekle\u015ftirildi. Ziyaretlerde \u00e7ift\u00e7ilerle bir araya gelen ekip, \u00fcreticilerin sorunlar\u0131n\u0131 yerinde dinleyerek \u00e7\u00f6z\u00fcm \u00f6nerilerini payla\u015ft\u0131. Toplant\u0131larda \u00f6zellikle tar\u0131m say\u0131m\u0131, Bakanl\u0131\u011f\u0131n yeni destekleme modeli ve b\u00f6lgeyi yak\u0131ndan ilgilendiren kurakl\u0131k konular\u0131 g\u00fcndeme geldi. \u00c7ift\u00e7ilerin taleplerinin al\u0131nd\u0131\u011f\u0131 ziyaretlerde, do\u011fru&#8230;<\/p>\n","protected":false},"author":1,"featured_media":49640,"comment_status":"open","ping_status":"open","sticky":false,"template":"","format":"standard","meta":{"_crdt_document":"","footnotes":""},"categories":[125],"tags":[],"class_list":["post-49639","post","type-post","status-publish","format-standard","has-post-thumbnail","hentry","category-ekonomi"],"_links":{"self":[{"href":"https:\/\/www.egemtv.com\/index.php?rest_route=\/wp\/v2\/posts\/49639","targetHints":{"allow":["GET"]}}],"collection":[{"href":"https:\/\/www.egemtv.com\/index.php?rest_route=\/wp\/v2\/posts"}],"about":[{"href":"https:\/\/www.egemtv.com\/index.php?rest_route=\/wp\/v2\/types\/post"}],"author":[{"embeddable":true,"href":"https:\/\/www.egemtv.com\/index.php?rest_route=\/wp\/v2\/users\/1"}],"replies":[{"embeddable":true,"href":"https:\/\/www.egemtv.com\/index.php?rest_route=%2Fwp%2Fv2%2Fcomments&post=49639"}],"version-history":[{"count":1,"href":"https:\/\/www.egemtv.com\/index.php?rest_route=\/wp\/v2\/posts\/49639\/revisions"}],"predecessor-version":[{"id":49641,"href":"https:\/\/www.egemtv.com\/index.php?rest_route=\/wp\/v2\/posts\/49639\/revisions\/49641"}],"wp:featuredmedia":[{"embeddable":true,"href":"https:\/\/www.egemtv.com\/index.php?rest_route=\/wp\/v2\/media\/49640"}],"wp:attachment":[{"href":"https:\/\/www.egemtv.com\/index.php?rest_route=%2Fwp%2Fv2%2Fmedia&parent=49639"}],"wp:term":[{"taxonomy":"category","embeddable":true,"href":"https:\/\/www.egemtv.com\/index.php?rest_route=%2Fwp%2Fv2%2Fcategories&post=49639"},{"taxonomy":"post_tag","embeddable":true,"href":"https:\/\/www.egemtv.com\/index.php?rest_route=%2Fwp%2Fv2%2Ftags&post=49639"}],"curies":[{"name":"wp","href":"https:\/\/api.w.org\/{rel}","templated":true}]}}