{"id":49636,"date":"2025-08-18T16:54:52","date_gmt":"2025-08-18T13:54:52","guid":{"rendered":"https:\/\/www.egemtv.com\/?p=49636"},"modified":"2025-08-18T16:54:53","modified_gmt":"2025-08-18T13:54:53","slug":"usak-il-ozel-idaresi-yol-calismalarina-hiz-kesmeden-devam-ediyor","status":"publish","type":"post","link":"https:\/\/www.egemtv.com\/?p=49636","title":{"rendered":"U\u015fak \u0130l \u00d6zel \u0130daresi yol \u00e7al\u0131\u015fmalar\u0131na h\u0131z kesmeden devam ediyor"},"content":{"rendered":"<p>U\u015fak \u0130l \u00d6zel \u0130daresi, 2025 y\u0131l\u0131 yat\u0131r\u0131m program\u0131 kapsam\u0131nda k\u0131rsal yol a\u011f\u0131n\u0131 g\u00fc\u00e7lendirmeye y\u00f6nelik \u00e7al\u0131\u015fmalar\u0131n\u0131 s\u00fcrd\u00fcr\u00fcyor.<br \/>\n<br \/>U\u015fak \u0130l \u00d6zel \u0130daresi\u2019ne ba\u011fl\u0131 ekipler, il genelinde bir\u00e7ok noktada asfalt sathi kaplama \u00e7al\u0131\u015fmalar\u0131n\u0131 tamamlayarak vatanda\u015flara daha g\u00fcvenli ve konforlu ula\u015f\u0131m imk\u00e2n\u0131 sundu. Tamamlanan \u00e7al\u0131\u015fmalar kapsam\u0131nda Merkez Karahasan K\u00f6y\u00fc &#8211; Ulubey yolu aras\u0131nda 0,95 kilometre, Merkez Demir\u00f6ren K\u00f6y\u00fcnde 1 kilometre, Merkez Bozku\u015f K\u00f6y\u00fcnde 0,5 kilometre, Merkez \u00c7amyuva K\u00f6y\u00fcnde 1 kilometre 1. kat asfalt sathi kaplama, Merkez Susuz\u00f6ren K\u00f6y\u00fc &#8211; \u015e\u00fckraniye K\u00f6y\u00fc &#8211; Ulubey Avgan s\u0131n\u0131rlar\u0131 aras\u0131nda ise 8,3 kilometrelik 2. kat asfalt sathi kaplama \u00e7al\u0131\u015fmas\u0131 ger\u00e7ekle\u015ftirildi. Ayr\u0131ca E\u015fme G\u00fcneyk\u00f6y &#8211; Davutlar aras\u0131nda 9 kilometre uzunlu\u011fundaki 1. kat asfalt sathi kaplama altyap\u0131 \u00e7al\u0131\u015fmalar\u0131 da ba\u015flad\u0131.<\/p>\n<p>U\u015fak \u0130l \u00d6zel \u0130daresi\u2019nden yap\u0131lan a\u00e7\u0131klamada, &#8220;K\u00f6y yollar\u0131m\u0131z\u0131 modern ve g\u00fcvenli hale getirerek hem\u015fehrilerimizin ula\u015f\u0131m kalitesini y\u00fckseltmeye devam ediyoruz&#8221; denildi.<br \/><\/p>\n","protected":false},"excerpt":{"rendered":"<p>U\u015fak \u0130l \u00d6zel \u0130daresi, 2025 y\u0131l\u0131 yat\u0131r\u0131m program\u0131 kapsam\u0131nda k\u0131rsal yol a\u011f\u0131n\u0131 g\u00fc\u00e7lendirmeye y\u00f6nelik \u00e7al\u0131\u015fmalar\u0131n\u0131 s\u00fcrd\u00fcr\u00fcyor. U\u015fak \u0130l \u00d6zel \u0130daresi\u2019ne ba\u011fl\u0131 ekipler, il genelinde bir\u00e7ok noktada asfalt sathi kaplama \u00e7al\u0131\u015fmalar\u0131n\u0131 tamamlayarak vatanda\u015flara daha g\u00fcvenli ve konforlu ula\u015f\u0131m imk\u00e2n\u0131 sundu. Tamamlanan \u00e7al\u0131\u015fmalar kapsam\u0131nda Merkez Karahasan K\u00f6y\u00fc &#8211; Ulubey yolu aras\u0131nda 0,95 kilometre, Merkez Demir\u00f6ren K\u00f6y\u00fcnde 1&#8230;<\/p>\n","protected":false},"author":1,"featured_media":49637,"comment_status":"open","ping_status":"open","sticky":false,"template":"","format":"standard","meta":{"_crdt_document":"","footnotes":""},"categories":[1],"tags":[],"class_list":["post-49636","post","type-post","status-publish","format-standard","has-post-thumbnail","hentry","category-guncel"],"_links":{"self":[{"href":"https:\/\/www.egemtv.com\/index.php?rest_route=\/wp\/v2\/posts\/49636","targetHints":{"allow":["GET"]}}],"collection":[{"href":"https:\/\/www.egemtv.com\/index.php?rest_route=\/wp\/v2\/posts"}],"about":[{"href":"https:\/\/www.egemtv.com\/index.php?rest_route=\/wp\/v2\/types\/post"}],"author":[{"embeddable":true,"href":"https:\/\/www.egemtv.com\/index.php?rest_route=\/wp\/v2\/users\/1"}],"replies":[{"embeddable":true,"href":"https:\/\/www.egemtv.com\/index.php?rest_route=%2Fwp%2Fv2%2Fcomments&post=49636"}],"version-history":[{"count":1,"href":"https:\/\/www.egemtv.com\/index.php?rest_route=\/wp\/v2\/posts\/49636\/revisions"}],"predecessor-version":[{"id":49638,"href":"https:\/\/www.egemtv.com\/index.php?rest_route=\/wp\/v2\/posts\/49636\/revisions\/49638"}],"wp:featuredmedia":[{"embeddable":true,"href":"https:\/\/www.egemtv.com\/index.php?rest_route=\/wp\/v2\/media\/49637"}],"wp:attachment":[{"href":"https:\/\/www.egemtv.com\/index.php?rest_route=%2Fwp%2Fv2%2Fmedia&parent=49636"}],"wp:term":[{"taxonomy":"category","embeddable":true,"href":"https:\/\/www.egemtv.com\/index.php?rest_route=%2Fwp%2Fv2%2Fcategories&post=49636"},{"taxonomy":"post_tag","embeddable":true,"href":"https:\/\/www.egemtv.com\/index.php?rest_route=%2Fwp%2Fv2%2Ftags&post=49636"}],"curies":[{"name":"wp","href":"https:\/\/api.w.org\/{rel}","templated":true}]}}