{"id":49633,"date":"2025-08-18T16:35:15","date_gmt":"2025-08-18T13:35:15","guid":{"rendered":"https:\/\/www.egemtv.com\/?p=49633"},"modified":"2025-08-18T16:35:15","modified_gmt":"2025-08-18T13:35:15","slug":"denizlinin-ilk-celik-apartman-icin-dugmeye-basildi","status":"publish","type":"post","link":"https:\/\/www.egemtv.com\/?p=49633","title":{"rendered":"Denizli\u2019nin ilk \u00e7elik apartman i\u00e7in d\u00fc\u011fmeye bas\u0131ld\u0131"},"content":{"rendered":"<p>DEN\u0130ZL\u0130 (\u0130HA) \u2013 T\u00fcrkiye Yap\u0131sal \u00c7elik Derne\u011fi Ba\u015fkan\u0131 H. Yener G\u00fcr\u2019e\u015f, Denizli\u2019de in\u015fa edilecek ilk \u00e7elik apartman projesini yerinde inceledi.<\/p>\n<p>T\u00fcrkiye Yap\u0131sal \u00c7elik Derne\u011fi (TUCSA) Ba\u015fkan\u0131 H. Yener G\u00fcr\u2019e\u015f, Zeyta\u015f Y\u00f6netim Kurulu Ba\u015fkan\u0131 Murat Ta\u015fdelen\u2019in davetlisi olarak Denizli\u2019ye geldi. G\u00fcr\u2019e\u015f, Zeta \u0130n\u015faat taraf\u0131ndan hayata ge\u00e7irilecek olan Denizli\u2019nin ilk \u00e7elik apartman projesini inceledi.<\/p>\n<p>Zeyta\u015f ve Ate\u015f Gayrimenkul ortakl\u0131\u011f\u0131nda kurulan Zeta \u0130n\u015faat, kentin konut sekt\u00f6r\u00fcnde \u00e7elik yap\u0131 d\u00f6nemini ba\u015flat\u0131yor. \u015eirket, Zeyta\u015f\u2019\u0131n sahibi gen\u00e7 giri\u015fimci Murat Ta\u015fdelen ile Ate\u015f Gayrimenkul\u00fcn sahibi Mustafa G\u00fcl ortakl\u0131\u011f\u0131nda kuruldu. \u0130lk proje, iki bloktan olu\u015fan 20 dairelik 5 katl\u0131 apartmandan dolu\u015fuyor. \u0130kinci proje de 40 adet ofisten olu\u015fan modern bir i\u015f alan\u0131 kompleksi olarak tasarland\u0131.<\/p>\n<p>Pamukkale \u00dcniversitesi Mikrobiyoloji Uzman\u0131 Prof. Dr. \u0130lknur Kaleli, \u00c7akmak Mahallesi\u2019ndeki arsas\u0131n\u0131 projeye tahsis ederek \u00e7elik apartmanlar\u0131n Denizli\u2019ye kazand\u0131r\u0131lmas\u0131na destek oldu. Daha \u00f6nce Amerika ve Avrupa\u2019da g\u00f6rd\u00fc\u011f\u00fc \u00f6rneklerden etkilendi\u011fini belirten Prof. Kaleli, \u015funlar\u0131 s\u00f6yledi:<br \/>\n<br \/>&#8220;Yurt d\u0131\u015f\u0131nda g\u00f6rd\u00fc\u011f\u00fcm \u00e7elik apartmanlar\u0131n g\u00fcvenli\u011fi, dayan\u0131kl\u0131l\u0131\u011f\u0131 ve modernli\u011fi beni \u00e7ok etkilemi\u015fti. Bu projeyi Denizli\u2019ye kazand\u0131rmak, hem \u015fehrimiz hem de gelece\u011fimiz i\u00e7in b\u00fcy\u00fck bir ad\u0131m. Kendi arazimin bu vizyoner projeye ev sahipli\u011fi yapmas\u0131ndan onur duyuyorum.&#8221;<\/p>\n<p>TUCSA Ba\u015fkan\u0131 H. Yener G\u00fcr\u2019e\u015f de inceleme s\u0131ras\u0131nda yapt\u0131\u011f\u0131 a\u00e7\u0131klamada \u015funlar\u0131 kaydetti:<br \/>\n<br \/>&#8220;Deprem ger\u00e7e\u011fiyle ya\u015fad\u0131\u011f\u0131m\u0131z \u00fclkemizde \u00e7elik yap\u0131lar\u0131n g\u00fcvenli\u011fi ve dayan\u0131kl\u0131l\u0131\u011f\u0131 art\u0131k tart\u0131\u015f\u0131lmaz. Denizli\u2019de at\u0131lan bu ad\u0131m, hem m\u00fchendislik hem de \u015fehircilik a\u00e7\u0131s\u0131ndan \u00f6rnek te\u015fkil edecek. \u00c7elik binalar, hafifli\u011fi, esnekli\u011fi ve uzun \u00f6mr\u00fcyle depreme kar\u015f\u0131 en g\u00fcvenilir \u00e7\u00f6z\u00fcmlerden biridir. Bu projenin Denizli\u2019de hayata ge\u00e7mesi, di\u011fer illere de ilham verecektir&#8221; dedi.<\/p>\n<p>Zeyta\u015f Y\u00f6netim Kurulu Ba\u015fkan\u0131 ve Zeta \u0130n\u015faat Kurucusu Murat Ta\u015fdelen ise \u015fu ifadeleri kulland\u0131:<br \/>\n<br \/>&#8220;Biz, Zeyta\u015f olarak y\u0131llard\u0131r sanayi yap\u0131lar\u0131nda uygulad\u0131\u011f\u0131m\u0131z \u00e7elik teknolojisini art\u0131k ya\u015fam alanlar\u0131na ta\u015f\u0131yoruz. Denizli, bir deprem b\u00f6lgesi. Bu y\u00fczden g\u00fcvenlik, dayan\u0131kl\u0131l\u0131k ve h\u0131z bizim i\u00e7in vazge\u00e7ilmez. Yener Bey\u2019in ziyareti, hem teknik anlamda bir destek hem de toplum nezdinde \u00e7elik yap\u0131lara olan g\u00fcvenin artmas\u0131 a\u00e7\u0131s\u0131ndan \u00e7ok de\u011ferli. Bu projeyle sadece bir bina de\u011fil, g\u00fcvenli ya\u015fam k\u00fclt\u00fcr\u00fcn\u00fc in\u015fa ediyoruz.&#8221;<\/p>\n<p>Proje alan\u0131n\u0131n gezildi\u011fi ve teknik incelemelerin yap\u0131ld\u0131\u011f\u0131 program sonunda, \u00e7elik yap\u0131lar\u0131n avantajlar\u0131 kamuoyuyla payla\u015f\u0131ld\u0131.<br \/><\/p>\n","protected":false},"excerpt":{"rendered":"<p>DEN\u0130ZL\u0130 (\u0130HA) \u2013 T\u00fcrkiye Yap\u0131sal \u00c7elik Derne\u011fi Ba\u015fkan\u0131 H. Yener G\u00fcr\u2019e\u015f, Denizli\u2019de in\u015fa edilecek ilk \u00e7elik apartman projesini yerinde inceledi. T\u00fcrkiye Yap\u0131sal \u00c7elik Derne\u011fi (TUCSA) Ba\u015fkan\u0131 H. Yener G\u00fcr\u2019e\u015f, Zeyta\u015f Y\u00f6netim Kurulu Ba\u015fkan\u0131 Murat Ta\u015fdelen\u2019in davetlisi olarak Denizli\u2019ye geldi. G\u00fcr\u2019e\u015f, Zeta \u0130n\u015faat taraf\u0131ndan hayata ge\u00e7irilecek olan Denizli\u2019nin ilk \u00e7elik apartman projesini inceledi. Zeyta\u015f ve Ate\u015f&#8230;<\/p>\n","protected":false},"author":1,"featured_media":49634,"comment_status":"open","ping_status":"open","sticky":false,"template":"","format":"standard","meta":{"_crdt_document":"","footnotes":""},"categories":[125],"tags":[],"class_list":["post-49633","post","type-post","status-publish","format-standard","has-post-thumbnail","hentry","category-ekonomi"],"_links":{"self":[{"href":"https:\/\/www.egemtv.com\/index.php?rest_route=\/wp\/v2\/posts\/49633","targetHints":{"allow":["GET"]}}],"collection":[{"href":"https:\/\/www.egemtv.com\/index.php?rest_route=\/wp\/v2\/posts"}],"about":[{"href":"https:\/\/www.egemtv.com\/index.php?rest_route=\/wp\/v2\/types\/post"}],"author":[{"embeddable":true,"href":"https:\/\/www.egemtv.com\/index.php?rest_route=\/wp\/v2\/users\/1"}],"replies":[{"embeddable":true,"href":"https:\/\/www.egemtv.com\/index.php?rest_route=%2Fwp%2Fv2%2Fcomments&post=49633"}],"version-history":[{"count":1,"href":"https:\/\/www.egemtv.com\/index.php?rest_route=\/wp\/v2\/posts\/49633\/revisions"}],"predecessor-version":[{"id":49635,"href":"https:\/\/www.egemtv.com\/index.php?rest_route=\/wp\/v2\/posts\/49633\/revisions\/49635"}],"wp:featuredmedia":[{"embeddable":true,"href":"https:\/\/www.egemtv.com\/index.php?rest_route=\/wp\/v2\/media\/49634"}],"wp:attachment":[{"href":"https:\/\/www.egemtv.com\/index.php?rest_route=%2Fwp%2Fv2%2Fmedia&parent=49633"}],"wp:term":[{"taxonomy":"category","embeddable":true,"href":"https:\/\/www.egemtv.com\/index.php?rest_route=%2Fwp%2Fv2%2Fcategories&post=49633"},{"taxonomy":"post_tag","embeddable":true,"href":"https:\/\/www.egemtv.com\/index.php?rest_route=%2Fwp%2Fv2%2Ftags&post=49633"}],"curies":[{"name":"wp","href":"https:\/\/api.w.org\/{rel}","templated":true}]}}