{"id":49630,"date":"2025-08-18T16:35:14","date_gmt":"2025-08-18T13:35:14","guid":{"rendered":"https:\/\/www.egemtv.com\/?p=49630"},"modified":"2025-08-18T16:35:14","modified_gmt":"2025-08-18T13:35:14","slug":"fethiye-akmaz-plajinda-cikan-yangin-kontrol-altina-alindi","status":"publish","type":"post","link":"https:\/\/www.egemtv.com\/?p=49630","title":{"rendered":"Fethiye Akmaz Plaj\u0131\u2019nda \u00e7\u0131kan yang\u0131n kontrol alt\u0131na al\u0131nd\u0131"},"content":{"rendered":"<p>Mu\u011fla\u2019n\u0131n Fethiye il\u00e7esi Karg\u0131 Mahallesi Akmaz Plaj\u0131 yak\u0131nlar\u0131nda ba\u015flayan orman yang\u0131n\u0131, ekiplerin havadan ve karadan yo\u011fun m\u00fcdahalesinin ard\u0131ndan kontrol alt\u0131na al\u0131nd\u0131.<\/p>\n<p>Edinilen bilgiye g\u00f6re, hen\u00fcz \u00e7\u0131k\u0131\u015f nedeni belirlenemeyen yang\u0131n, r\u00fczgar\u0131n da etkisiyle k\u0131sa s\u00fcrede yay\u0131ld\u0131. B\u00f6lgeye sevk edilen \u00e7ok say\u0131da orman ekibi, itfaiye ara\u00e7lar\u0131 ve helikopter yang\u0131na an\u0131nda m\u00fcdahale etti. Yang\u0131n s\u00f6nd\u00fcrme \u00e7al\u0131\u015fmalar\u0131na b\u00f6lge halk\u0131 da destek vererek ekiplere yard\u0131mc\u0131 oldu. Havadan helikopterlerin s\u00fcrekli sorti yapt\u0131\u011f\u0131 yang\u0131na, karadan da araz\u00f6zler ve i\u015f makineleriyle m\u00fcdahale edildi. Yakla\u015f\u0131k bir saat s\u00fcren yo\u011fun \u00e7al\u0131\u015fmalar\u0131n ard\u0131ndan yang\u0131n kontrol alt\u0131na al\u0131nd\u0131 ve so\u011futma \u00e7al\u0131\u015fmalar\u0131na ba\u015fland\u0131. Yang\u0131n\u0131n \u00e7\u0131k\u0131\u015f sebebinin belirlenmesi i\u00e7in inceleme ba\u015flat\u0131ld\u0131.<br \/><\/p>\n","protected":false},"excerpt":{"rendered":"<p>Mu\u011fla\u2019n\u0131n Fethiye il\u00e7esi Karg\u0131 Mahallesi Akmaz Plaj\u0131 yak\u0131nlar\u0131nda ba\u015flayan orman yang\u0131n\u0131, ekiplerin havadan ve karadan yo\u011fun m\u00fcdahalesinin ard\u0131ndan kontrol alt\u0131na al\u0131nd\u0131. Edinilen bilgiye g\u00f6re, hen\u00fcz \u00e7\u0131k\u0131\u015f nedeni belirlenemeyen yang\u0131n, r\u00fczgar\u0131n da etkisiyle k\u0131sa s\u00fcrede yay\u0131ld\u0131. B\u00f6lgeye sevk edilen \u00e7ok say\u0131da orman ekibi, itfaiye ara\u00e7lar\u0131 ve helikopter yang\u0131na an\u0131nda m\u00fcdahale etti. Yang\u0131n s\u00f6nd\u00fcrme \u00e7al\u0131\u015fmalar\u0131na b\u00f6lge halk\u0131&#8230;<\/p>\n","protected":false},"author":1,"featured_media":49631,"comment_status":"open","ping_status":"open","sticky":false,"template":"","format":"standard","meta":{"_crdt_document":"","footnotes":""},"categories":[5],"tags":[],"class_list":["post-49630","post","type-post","status-publish","format-standard","has-post-thumbnail","hentry","category-asayis"],"_links":{"self":[{"href":"https:\/\/www.egemtv.com\/index.php?rest_route=\/wp\/v2\/posts\/49630","targetHints":{"allow":["GET"]}}],"collection":[{"href":"https:\/\/www.egemtv.com\/index.php?rest_route=\/wp\/v2\/posts"}],"about":[{"href":"https:\/\/www.egemtv.com\/index.php?rest_route=\/wp\/v2\/types\/post"}],"author":[{"embeddable":true,"href":"https:\/\/www.egemtv.com\/index.php?rest_route=\/wp\/v2\/users\/1"}],"replies":[{"embeddable":true,"href":"https:\/\/www.egemtv.com\/index.php?rest_route=%2Fwp%2Fv2%2Fcomments&post=49630"}],"version-history":[{"count":1,"href":"https:\/\/www.egemtv.com\/index.php?rest_route=\/wp\/v2\/posts\/49630\/revisions"}],"predecessor-version":[{"id":49632,"href":"https:\/\/www.egemtv.com\/index.php?rest_route=\/wp\/v2\/posts\/49630\/revisions\/49632"}],"wp:featuredmedia":[{"embeddable":true,"href":"https:\/\/www.egemtv.com\/index.php?rest_route=\/wp\/v2\/media\/49631"}],"wp:attachment":[{"href":"https:\/\/www.egemtv.com\/index.php?rest_route=%2Fwp%2Fv2%2Fmedia&parent=49630"}],"wp:term":[{"taxonomy":"category","embeddable":true,"href":"https:\/\/www.egemtv.com\/index.php?rest_route=%2Fwp%2Fv2%2Fcategories&post=49630"},{"taxonomy":"post_tag","embeddable":true,"href":"https:\/\/www.egemtv.com\/index.php?rest_route=%2Fwp%2Fv2%2Ftags&post=49630"}],"curies":[{"name":"wp","href":"https:\/\/api.w.org\/{rel}","templated":true}]}}