{"id":49627,"date":"2025-08-18T16:35:13","date_gmt":"2025-08-18T13:35:13","guid":{"rendered":"https:\/\/www.egemtv.com\/?p=49627"},"modified":"2025-08-18T16:35:14","modified_gmt":"2025-08-18T13:35:14","slug":"vali-musa-isin-hisarcik-emet-koprusunde-incelemelerde-bulundu","status":"publish","type":"post","link":"https:\/\/www.egemtv.com\/?p=49627","title":{"rendered":"Vali Musa I\u015f\u0131n, Hisarc\u0131k-Emet k\u00f6pr\u00fcs\u00fcnde incelemelerde bulundu"},"content":{"rendered":"<p>K\u00fctahya Valisi Musa I\u015f\u0131n yap\u0131m\u0131 tamamlanan Hisarc\u0131k-Emet K\u00f6pr\u00fcs\u00fcnde incelemelerde bulunarak yetkililerden bilgi ald\u0131.<br \/>\n<br \/>Eski k\u00f6pr\u00fcn\u00fcn dar olmas\u0131 nedeniyle ba\u015flat\u0131lan \u00e7al\u0131\u015fma \u00e7er\u00e7evesinde, Karayollar\u0131 taraf\u0131ndan 2 kilometrelik yol ve yeni k\u00f6pr\u00fc in\u015fa edildi. \u0130nceleme program\u0131na Milletvekili \u0130smail \u00c7a\u011flar Bay\u0131rc\u0131, Hisarc\u0131k Belediye Ba\u015fkan\u0131 Mustafa Demirta\u015f ve AK Parti \u0130l Ba\u015fkan\u0131 Ceyda \u00c7etin Erenler kat\u0131ld\u0131. Vali Musa I\u015f\u0131n, yeni k\u00f6pr\u00fcn\u00fcn b\u00f6lge ula\u015f\u0131m\u0131 a\u00e7\u0131s\u0131ndan b\u00fcy\u00fck \u00f6nem ta\u015f\u0131d\u0131\u011f\u0131n\u0131 belirterek eme\u011fi ge\u00e7enlere te\u015fekk\u00fcr etti.<br \/><\/p>\n","protected":false},"excerpt":{"rendered":"<p>K\u00fctahya Valisi Musa I\u015f\u0131n yap\u0131m\u0131 tamamlanan Hisarc\u0131k-Emet K\u00f6pr\u00fcs\u00fcnde incelemelerde bulunarak yetkililerden bilgi ald\u0131. Eski k\u00f6pr\u00fcn\u00fcn dar olmas\u0131 nedeniyle ba\u015flat\u0131lan \u00e7al\u0131\u015fma \u00e7er\u00e7evesinde, Karayollar\u0131 taraf\u0131ndan 2 kilometrelik yol ve yeni k\u00f6pr\u00fc in\u015fa edildi. \u0130nceleme program\u0131na Milletvekili \u0130smail \u00c7a\u011flar Bay\u0131rc\u0131, Hisarc\u0131k Belediye Ba\u015fkan\u0131 Mustafa Demirta\u015f ve AK Parti \u0130l Ba\u015fkan\u0131 Ceyda \u00c7etin Erenler kat\u0131ld\u0131. Vali Musa I\u015f\u0131n, yeni&#8230;<\/p>\n","protected":false},"author":1,"featured_media":49628,"comment_status":"open","ping_status":"open","sticky":false,"template":"","format":"standard","meta":{"_crdt_document":"","footnotes":""},"categories":[125],"tags":[],"class_list":["post-49627","post","type-post","status-publish","format-standard","has-post-thumbnail","hentry","category-ekonomi"],"_links":{"self":[{"href":"https:\/\/www.egemtv.com\/index.php?rest_route=\/wp\/v2\/posts\/49627","targetHints":{"allow":["GET"]}}],"collection":[{"href":"https:\/\/www.egemtv.com\/index.php?rest_route=\/wp\/v2\/posts"}],"about":[{"href":"https:\/\/www.egemtv.com\/index.php?rest_route=\/wp\/v2\/types\/post"}],"author":[{"embeddable":true,"href":"https:\/\/www.egemtv.com\/index.php?rest_route=\/wp\/v2\/users\/1"}],"replies":[{"embeddable":true,"href":"https:\/\/www.egemtv.com\/index.php?rest_route=%2Fwp%2Fv2%2Fcomments&post=49627"}],"version-history":[{"count":1,"href":"https:\/\/www.egemtv.com\/index.php?rest_route=\/wp\/v2\/posts\/49627\/revisions"}],"predecessor-version":[{"id":49629,"href":"https:\/\/www.egemtv.com\/index.php?rest_route=\/wp\/v2\/posts\/49627\/revisions\/49629"}],"wp:featuredmedia":[{"embeddable":true,"href":"https:\/\/www.egemtv.com\/index.php?rest_route=\/wp\/v2\/media\/49628"}],"wp:attachment":[{"href":"https:\/\/www.egemtv.com\/index.php?rest_route=%2Fwp%2Fv2%2Fmedia&parent=49627"}],"wp:term":[{"taxonomy":"category","embeddable":true,"href":"https:\/\/www.egemtv.com\/index.php?rest_route=%2Fwp%2Fv2%2Fcategories&post=49627"},{"taxonomy":"post_tag","embeddable":true,"href":"https:\/\/www.egemtv.com\/index.php?rest_route=%2Fwp%2Fv2%2Ftags&post=49627"}],"curies":[{"name":"wp","href":"https:\/\/api.w.org\/{rel}","templated":true}]}}