{"id":49624,"date":"2025-08-18T16:35:12","date_gmt":"2025-08-18T13:35:12","guid":{"rendered":"https:\/\/www.egemtv.com\/?p=49624"},"modified":"2025-08-18T16:35:13","modified_gmt":"2025-08-18T13:35:13","slug":"rektor-kent-arastirma-universitesi-icin-gorusmelerine-devam-ediyor","status":"publish","type":"post","link":"https:\/\/www.egemtv.com\/?p=49624","title":{"rendered":"Rekt\u00f6r Kent, \u2019Ara\u015ft\u0131rma \u00dcniversitesi\u2019 i\u00e7in g\u00f6r\u00fc\u015fmelerine devam ediyor"},"content":{"rendered":"<p>Ayd\u0131n Adnan Menderes \u00dcniversitesi\u2019nin (AD\u00dc) \u2019Ara\u015ft\u0131rma \u00dcniversitesi\u2019 stat\u00fcs\u00fcne kavu\u015fmas\u0131 amac\u0131yla ger\u00e7ekle\u015ftirilen yat\u0131r\u0131m ve \u00e7al\u0131\u015fmalar devam ederken AD\u00dc Rekt\u00f6r\u00fc Prof. Dr. B\u00fclent Kent, bu kapsamda Ayd\u0131n Valisi Yakup Canbolat ile g\u00f6r\u00fc\u015ft\u00fc.<\/p>\n<p>Ayd\u0131n Adnan Menderes \u00dcniversitesi (AD\u00dc), ara\u015ft\u0131rma \u00fcniversitesi olma hedefi do\u011frultusunda e\u011fitim, ara\u015ft\u0131rma ve ya\u015fam alanlar\u0131na y\u00f6nelik yat\u0131r\u0131mlar\u0131n\u0131 s\u00fcrd\u00fcr\u00fcyor. Bu kapsamda hayata ge\u00e7irilen fiziki ve teknik yat\u0131r\u0131mlarla e\u011fitim, ara\u015ft\u0131rma kalitesini art\u0131rd\u0131klar\u0131na dikkat \u00e7eken Ayd\u0131n Adnan Menderes \u00dcniversitesi (AD\u00dc) Rekt\u00f6r\u00fc Prof. Dr. B\u00fclent Kent, \u2019Ara\u015ft\u0131rma \u00dcniversitesi\u2019 olma yolunda g\u00f6r\u00fc\u015fmelerine de devam ediyor. Rekt\u00f6r Prof. Dr. B\u00fclent Kent, Ayd\u0131n Valisi Yakup Canbolat\u2019\u0131 ziyaret etti. G\u00f6r\u00fc\u015fmede, \u00fcniversitenin \u2019Ara\u015ft\u0131rma \u00dcniversitesi\u2019 vizyonu do\u011frultusunda y\u00fcr\u00fct\u00fclen \u00e7al\u0131\u015fmalar ve planlanan projeler hakk\u0131nda bilgi payla\u015f\u0131m\u0131nda bulunuldu. Kurumlar aras\u0131 i\u015f birli\u011finin \u00f6neminin ele al\u0131nd\u0131\u011f\u0131 ziyaret, kar\u015f\u0131l\u0131kl\u0131 iyi dileklerin sunulmas\u0131yla tamamlan\u0131rken, Rekt\u00f6r Kent; &#8220;Ara\u015ft\u0131rma \u00fcniversitesi vizyonumuzun g\u00fc\u00e7l\u00fc bir payda\u015f\u0131 olan yat\u0131r\u0131mlar ve projeler \u00f6n\u00fcm\u00fczdeki d\u00f6nemde de ayn\u0131 kararl\u0131l\u0131kla devam edecektir&#8221; dedi.<br \/><\/p>\n","protected":false},"excerpt":{"rendered":"<p>Ayd\u0131n Adnan Menderes \u00dcniversitesi\u2019nin (AD\u00dc) \u2019Ara\u015ft\u0131rma \u00dcniversitesi\u2019 stat\u00fcs\u00fcne kavu\u015fmas\u0131 amac\u0131yla ger\u00e7ekle\u015ftirilen yat\u0131r\u0131m ve \u00e7al\u0131\u015fmalar devam ederken AD\u00dc Rekt\u00f6r\u00fc Prof. Dr. B\u00fclent Kent, bu kapsamda Ayd\u0131n Valisi Yakup Canbolat ile g\u00f6r\u00fc\u015ft\u00fc. Ayd\u0131n Adnan Menderes \u00dcniversitesi (AD\u00dc), ara\u015ft\u0131rma \u00fcniversitesi olma hedefi do\u011frultusunda e\u011fitim, ara\u015ft\u0131rma ve ya\u015fam alanlar\u0131na y\u00f6nelik yat\u0131r\u0131mlar\u0131n\u0131 s\u00fcrd\u00fcr\u00fcyor. Bu kapsamda hayata ge\u00e7irilen fiziki ve teknik&#8230;<\/p>\n","protected":false},"author":1,"featured_media":49625,"comment_status":"open","ping_status":"open","sticky":false,"template":"","format":"standard","meta":{"_crdt_document":"","footnotes":""},"categories":[1],"tags":[],"class_list":["post-49624","post","type-post","status-publish","format-standard","has-post-thumbnail","hentry","category-guncel"],"_links":{"self":[{"href":"https:\/\/www.egemtv.com\/index.php?rest_route=\/wp\/v2\/posts\/49624","targetHints":{"allow":["GET"]}}],"collection":[{"href":"https:\/\/www.egemtv.com\/index.php?rest_route=\/wp\/v2\/posts"}],"about":[{"href":"https:\/\/www.egemtv.com\/index.php?rest_route=\/wp\/v2\/types\/post"}],"author":[{"embeddable":true,"href":"https:\/\/www.egemtv.com\/index.php?rest_route=\/wp\/v2\/users\/1"}],"replies":[{"embeddable":true,"href":"https:\/\/www.egemtv.com\/index.php?rest_route=%2Fwp%2Fv2%2Fcomments&post=49624"}],"version-history":[{"count":1,"href":"https:\/\/www.egemtv.com\/index.php?rest_route=\/wp\/v2\/posts\/49624\/revisions"}],"predecessor-version":[{"id":49626,"href":"https:\/\/www.egemtv.com\/index.php?rest_route=\/wp\/v2\/posts\/49624\/revisions\/49626"}],"wp:featuredmedia":[{"embeddable":true,"href":"https:\/\/www.egemtv.com\/index.php?rest_route=\/wp\/v2\/media\/49625"}],"wp:attachment":[{"href":"https:\/\/www.egemtv.com\/index.php?rest_route=%2Fwp%2Fv2%2Fmedia&parent=49624"}],"wp:term":[{"taxonomy":"category","embeddable":true,"href":"https:\/\/www.egemtv.com\/index.php?rest_route=%2Fwp%2Fv2%2Fcategories&post=49624"},{"taxonomy":"post_tag","embeddable":true,"href":"https:\/\/www.egemtv.com\/index.php?rest_route=%2Fwp%2Fv2%2Ftags&post=49624"}],"curies":[{"name":"wp","href":"https:\/\/api.w.org\/{rel}","templated":true}]}}