{"id":49621,"date":"2025-08-18T16:14:54","date_gmt":"2025-08-18T13:14:54","guid":{"rendered":"https:\/\/www.egemtv.com\/?p=49621"},"modified":"2025-08-18T16:14:55","modified_gmt":"2025-08-18T13:14:55","slug":"hisarcik-ilce-emniyet-amirligi-yeni-hizmet-binasi-torenle-acildi","status":"publish","type":"post","link":"https:\/\/www.egemtv.com\/?p=49621","title":{"rendered":"Hisarc\u0131k \u0130l\u00e7e Emniyet Amirli\u011fi yeni hizmet binas\u0131 t\u00f6renle a\u00e7\u0131ld\u0131"},"content":{"rendered":"<p>K\u00dcTAHYA (\u0130HA) \u2013 K\u00fctahya\u2019n\u0131n Hisarc\u0131k il\u00e7esinde yap\u0131m\u0131 tamamlanan \u0130l\u00e7e Emniyet Amirli\u011fi yeni hizmet binas\u0131 t\u00f6renle a\u00e7\u0131ld\u0131.<br \/>\n<br \/>Hisarc\u0131k Yenido\u011fan Mahallesinde yap\u0131m\u0131 7 ayda tamamlanan 4 katl\u0131 yeni \u0130l\u00e7e Emniyet Amirli\u011fi hizmet binas\u0131n\u0131n a\u00e7\u0131l\u0131\u015f t\u00f6renine K\u00fctahya Valisi Musa I\u015f\u0131n, Hisarc\u0131k Kaymakam Vekili Mehmet Alperen Ba\u015fkapan, Hisarc\u0131k Belediye Ba\u015fkan\u0131 Mustafa Demirta\u015f, K\u00fctahya \u0130l Emniyet M\u00fcd\u00fcr\u00fc Osman Elbir, Hisarc\u0131k \u0130l\u00e7e Emniyet Amiri Ayhan Ist\u0131k, AK Parti K\u00fctahya \u0130l Ba\u015fkan\u0131 Ceyda \u00c7etin Erenler, AK Parti K\u00fctahya Milletvekili \u0130smail \u00c7a\u011flar Bay\u0131rc\u0131, AK Parti Hisarc\u0131k \u0130l\u00e7e Ba\u015fkan\u0131 Abdullah Akbulut, \u0130l Genel Meclisi \u00fcyeleri, protokol \u00fcyeleri ve muhtarlar kat\u0131ld\u0131.<br \/>\n<br \/>Vali Musa I\u015f\u0131n, a\u00e7\u0131l\u0131\u015f t\u00f6reninde yapt\u0131\u011f\u0131 konu\u015fmada, yeni hizmet binas\u0131n\u0131n il\u00e7eye yak\u0131\u015f\u0131r, modern ve y\u00fcksek standartlarda bir eser oldu\u011funu belirtti.<br \/>\n<br \/>K\u00fctahya\u2019n\u0131n huzur ve g\u00fcven ortam\u0131na dikkat \u00e7eken Vali I\u015f\u0131n, &#8220;Son y\u0131llarda su\u00e7 oranlar\u0131nda y\u00fczde 50\u2019nin \u00fczerinde d\u00fc\u015f\u00fc\u015f var. Bu hem emniyet te\u015fkilat\u0131m\u0131z\u0131n gayreti hem de halk\u0131m\u0131z\u0131n su\u00e7a uzak durmas\u0131ndan kaynaklan\u0131yor&#8221; dedi.<br \/>\n<br \/>Polis ile vatanda\u015f aras\u0131ndaki g\u00fc\u00e7l\u00fc i\u015f birli\u011finin \u00f6nemine vurgu yapan Vali Musa I\u015f\u0131n, &#8220;Polisimiz vatanda\u015f\u0131n hizmetindedir. Muhtarlar\u0131m\u0131z ve halk\u0131m\u0131zla birlikte bu birliktelik bizlere huzur getirmektedir&#8221; ifadelerini kulland\u0131.<br \/>\n<br \/>Cumhurba\u015fkan\u0131 Recep Tayyip Erdo\u011fan\u2019\u0131n hizmet anlay\u0131\u015f\u0131na da de\u011finen Vali I\u015f\u0131n,&#8221; Cumhurba\u015fkan\u0131m\u0131z hizmetin kalitesini y\u00fckseltmek i\u00e7in yer alt\u0131 ve yer \u00fcst\u00fc zenginliklerimizi kullanarak hem alt, hem de \u00fcst yap\u0131lar\u0131m\u0131z\u0131 kamil manada bu seviyeye getirmi\u015f ender liderlerden bir tanesidir. 23 y\u0131l kendisini halka vakfeden Cumhurba\u015fkan\u0131m\u0131z ayn\u0131 zamanda devletimizin b\u00fct\u00fcnl\u00fc\u011f\u00fcn\u00fc, milletimizin beraberli\u011fini sa\u011flama, \u00fclkemizi d\u0131\u015f tehlikelerden ve gelecek tecav\u00fczlerden korumak i\u00e7in gecesini g\u00fcnd\u00fcz\u00fcn\u00fc seferber etmektedir. Allah ba\u015f\u0131m\u0131zdan eksik etmesin. Hizmete giren \u0130l\u00e7e Emniyet Amirli\u011fi hizmet binas\u0131n\u0131n emniyet te\u015fkilat\u0131m\u0131za hay\u0131rl\u0131 olmas\u0131n\u0131 diliyor, eme\u011fi ge\u00e7enlere te\u015fekk\u00fcr ediyorum&#8221; diye konu\u015ftu.<br \/>\n<br \/>Hisarc\u0131k \u0130l\u00e7e M\u00fcft\u00fc Vekili Bilal Aydo\u011fdu\u2019nun yapt\u0131\u011f\u0131 duan\u0131n ard\u0131ndan toplu halde \u0130l\u00e7e Emniyet Amirli\u011fi hizmet binas\u0131n\u0131n kurdelesi kesildi.<br \/><\/p>\n","protected":false},"excerpt":{"rendered":"<p>K\u00dcTAHYA (\u0130HA) \u2013 K\u00fctahya\u2019n\u0131n Hisarc\u0131k il\u00e7esinde yap\u0131m\u0131 tamamlanan \u0130l\u00e7e Emniyet Amirli\u011fi yeni hizmet binas\u0131 t\u00f6renle a\u00e7\u0131ld\u0131. Hisarc\u0131k Yenido\u011fan Mahallesinde yap\u0131m\u0131 7 ayda tamamlanan 4 katl\u0131 yeni \u0130l\u00e7e Emniyet Amirli\u011fi hizmet binas\u0131n\u0131n a\u00e7\u0131l\u0131\u015f t\u00f6renine K\u00fctahya Valisi Musa I\u015f\u0131n, Hisarc\u0131k Kaymakam Vekili Mehmet Alperen Ba\u015fkapan, Hisarc\u0131k Belediye Ba\u015fkan\u0131 Mustafa Demirta\u015f, K\u00fctahya \u0130l Emniyet M\u00fcd\u00fcr\u00fc Osman Elbir, Hisarc\u0131k&#8230;<\/p>\n","protected":false},"author":1,"featured_media":49622,"comment_status":"open","ping_status":"open","sticky":false,"template":"","format":"standard","meta":{"_crdt_document":"","footnotes":""},"categories":[125],"tags":[],"class_list":["post-49621","post","type-post","status-publish","format-standard","has-post-thumbnail","hentry","category-ekonomi"],"_links":{"self":[{"href":"https:\/\/www.egemtv.com\/index.php?rest_route=\/wp\/v2\/posts\/49621","targetHints":{"allow":["GET"]}}],"collection":[{"href":"https:\/\/www.egemtv.com\/index.php?rest_route=\/wp\/v2\/posts"}],"about":[{"href":"https:\/\/www.egemtv.com\/index.php?rest_route=\/wp\/v2\/types\/post"}],"author":[{"embeddable":true,"href":"https:\/\/www.egemtv.com\/index.php?rest_route=\/wp\/v2\/users\/1"}],"replies":[{"embeddable":true,"href":"https:\/\/www.egemtv.com\/index.php?rest_route=%2Fwp%2Fv2%2Fcomments&post=49621"}],"version-history":[{"count":1,"href":"https:\/\/www.egemtv.com\/index.php?rest_route=\/wp\/v2\/posts\/49621\/revisions"}],"predecessor-version":[{"id":49623,"href":"https:\/\/www.egemtv.com\/index.php?rest_route=\/wp\/v2\/posts\/49621\/revisions\/49623"}],"wp:featuredmedia":[{"embeddable":true,"href":"https:\/\/www.egemtv.com\/index.php?rest_route=\/wp\/v2\/media\/49622"}],"wp:attachment":[{"href":"https:\/\/www.egemtv.com\/index.php?rest_route=%2Fwp%2Fv2%2Fmedia&parent=49621"}],"wp:term":[{"taxonomy":"category","embeddable":true,"href":"https:\/\/www.egemtv.com\/index.php?rest_route=%2Fwp%2Fv2%2Fcategories&post=49621"},{"taxonomy":"post_tag","embeddable":true,"href":"https:\/\/www.egemtv.com\/index.php?rest_route=%2Fwp%2Fv2%2Ftags&post=49621"}],"curies":[{"name":"wp","href":"https:\/\/api.w.org\/{rel}","templated":true}]}}