{"id":49618,"date":"2025-08-18T16:14:53","date_gmt":"2025-08-18T13:14:53","guid":{"rendered":"https:\/\/www.egemtv.com\/?p=49618"},"modified":"2025-08-18T16:14:54","modified_gmt":"2025-08-18T13:14:54","slug":"scootere-koltuk-monte-edip-kopekleriyle-yolculuk-yapti","status":"publish","type":"post","link":"https:\/\/www.egemtv.com\/?p=49618","title":{"rendered":"Scootere koltuk monte edip, k\u00f6pekleriyle yolculuk yapt\u0131"},"content":{"rendered":"<p>Mu\u011fla\u2019da ya\u015fayan bir vatanda\u015f, elektrikli Scooterin \u00fczerine koltuk monte edip, k\u00f6pekleriyle trafi\u011fe kapal\u0131 alanda yolculuk yapt\u0131. Gencin k\u00f6pekleriyle koltuk \u00fczerindeki yolculu\u011fu renkli g\u00f6r\u00fcnt\u00fcler olu\u015fturdu.<br \/>\n<br \/>Mu\u011fla\u2019da ge\u00e7ti\u011fimiz y\u0131l koltuk monte etti\u011fi Scooteriyle kara yolunda ceza alan O\u011fuzhan Bostan (28), bu kez elektrikli Scooterin \u00fczerine \u00e7ift ki\u015filik koltuk monte ederek, k\u00f6pekleriyle birlikte yolculuk yapt\u0131. Bostan, yolculuk s\u0131ras\u0131nda \u00e7ekti\u011fi g\u00f6r\u00fcnt\u00fcleri sosyal medya hesab\u0131ndan payla\u015farak takip\u00e7ileriyle payla\u015ft\u0131. Payla\u015f\u0131m\u0131 k\u0131sa s\u00fcrede sosyal medyada b\u00fcy\u00fck ilgi g\u00f6rd\u00fc.<br \/>\n<br \/>Daha \u00f6nce trafik cezas\u0131 yiyen Bostan payla\u015f\u0131m\u0131nda, &#8220;Trafi\u011fe kapal\u0131 alanda \u00e7ekilmi\u015ftir. Ehliyeti almama son 9 ay&#8221; ifadelerini kulland\u0131.<br \/><\/p>\n","protected":false},"excerpt":{"rendered":"<p>Mu\u011fla\u2019da ya\u015fayan bir vatanda\u015f, elektrikli Scooterin \u00fczerine koltuk monte edip, k\u00f6pekleriyle trafi\u011fe kapal\u0131 alanda yolculuk yapt\u0131. Gencin k\u00f6pekleriyle koltuk \u00fczerindeki yolculu\u011fu renkli g\u00f6r\u00fcnt\u00fcler olu\u015fturdu. Mu\u011fla\u2019da ge\u00e7ti\u011fimiz y\u0131l koltuk monte etti\u011fi Scooteriyle kara yolunda ceza alan O\u011fuzhan Bostan (28), bu kez elektrikli Scooterin \u00fczerine \u00e7ift ki\u015filik koltuk monte ederek, k\u00f6pekleriyle birlikte yolculuk yapt\u0131. Bostan, yolculuk s\u0131ras\u0131nda&#8230;<\/p>\n","protected":false},"author":1,"featured_media":49619,"comment_status":"open","ping_status":"open","sticky":false,"template":"","format":"standard","meta":{"_crdt_document":"","footnotes":""},"categories":[123],"tags":[],"class_list":["post-49618","post","type-post","status-publish","format-standard","has-post-thumbnail","hentry","category-gundem"],"_links":{"self":[{"href":"https:\/\/www.egemtv.com\/index.php?rest_route=\/wp\/v2\/posts\/49618","targetHints":{"allow":["GET"]}}],"collection":[{"href":"https:\/\/www.egemtv.com\/index.php?rest_route=\/wp\/v2\/posts"}],"about":[{"href":"https:\/\/www.egemtv.com\/index.php?rest_route=\/wp\/v2\/types\/post"}],"author":[{"embeddable":true,"href":"https:\/\/www.egemtv.com\/index.php?rest_route=\/wp\/v2\/users\/1"}],"replies":[{"embeddable":true,"href":"https:\/\/www.egemtv.com\/index.php?rest_route=%2Fwp%2Fv2%2Fcomments&post=49618"}],"version-history":[{"count":1,"href":"https:\/\/www.egemtv.com\/index.php?rest_route=\/wp\/v2\/posts\/49618\/revisions"}],"predecessor-version":[{"id":49620,"href":"https:\/\/www.egemtv.com\/index.php?rest_route=\/wp\/v2\/posts\/49618\/revisions\/49620"}],"wp:featuredmedia":[{"embeddable":true,"href":"https:\/\/www.egemtv.com\/index.php?rest_route=\/wp\/v2\/media\/49619"}],"wp:attachment":[{"href":"https:\/\/www.egemtv.com\/index.php?rest_route=%2Fwp%2Fv2%2Fmedia&parent=49618"}],"wp:term":[{"taxonomy":"category","embeddable":true,"href":"https:\/\/www.egemtv.com\/index.php?rest_route=%2Fwp%2Fv2%2Fcategories&post=49618"},{"taxonomy":"post_tag","embeddable":true,"href":"https:\/\/www.egemtv.com\/index.php?rest_route=%2Fwp%2Fv2%2Ftags&post=49618"}],"curies":[{"name":"wp","href":"https:\/\/api.w.org\/{rel}","templated":true}]}}