{"id":49615,"date":"2025-08-18T16:14:52","date_gmt":"2025-08-18T13:14:52","guid":{"rendered":"https:\/\/www.egemtv.com\/?p=49615"},"modified":"2025-08-18T16:14:53","modified_gmt":"2025-08-18T13:14:53","slug":"engelli-bireylerin-sorunlarini-arastirma-komisyonu-tatile-girmiyor","status":"publish","type":"post","link":"https:\/\/www.egemtv.com\/?p=49615","title":{"rendered":"Engelli Bireylerin Sorunlar\u0131n\u0131 Ara\u015ft\u0131rma Komisyonu tatile girmiyor"},"content":{"rendered":"<p>TBMM Engelli Bireylerin Sorunlar\u0131n\u0131 Ara\u015ft\u0131rma Komisyonu, Meclis\u2019in tatile girmesiyle birlikte resmi \u00e7al\u0131\u015fmalar\u0131na 1 Ekim 2025 tarihine kadar ara verirken, Komisyon Ba\u015fkan\u0131 Dr. Mehmet Muharrem Kasapo\u011flu, saha \u00e7al\u0131\u015fmalar\u0131n\u0131n h\u0131z kesmeden s\u00fcrece\u011fini vurgulad\u0131.<br \/>\n<br \/>Komisyon \u00fcyelerine g\u00f6nderilen bilgilendirme yaz\u0131s\u0131nda, &#8220;Meclis tatilde olabilir ancak bizler sahada, vatanda\u015flar\u0131m\u0131zla i\u00e7 i\u00e7e \u00e7al\u0131\u015fmaya devam edece\u011fiz. Engelli bireylerimizin hayat\u0131na dokunan sorunlar\u0131 tespit etmek ve kal\u0131c\u0131 \u00e7\u00f6z\u00fcmler \u00fcretmek i\u00e7in her ortamda gayretimizi s\u00fcrd\u00fcrece\u011fiz&#8221; ifadelerine yer verildi. Kasapo\u011flu, komisyon \u00fcyelerinin se\u00e7im \u00e7evrelerinde ve bulunduklar\u0131 b\u00f6lgelerde; vatanda\u015flar, kurumlar, STK\u2019lar ve yerel y\u00f6netimlerle do\u011frudan g\u00f6r\u00fc\u015fmeler yapmalar\u0131n\u0131n, sahadaki g\u00fcncel sorunlar\u0131 ve iyi uygulama \u00f6rneklerini komisyona aktarmalar\u0131n\u0131n b\u00fcy\u00fck \u00f6nem ta\u015f\u0131d\u0131\u011f\u0131n\u0131 belirtti. \u00d6zellikle engelli ayl\u0131klar\u0131, bak\u0131m destekleri, randevu bulma zorluklar\u0131, sosyal yard\u0131mlar\u0131n etkinli\u011fi gibi konular\u0131n, ger\u00e7ek saha verileriyle komisyon \u00e7al\u0131\u015fmalar\u0131na aktar\u0131lmas\u0131 isteniyor.<br \/>\n<br \/>Resmi yaz\u0131da ayr\u0131ca, kamu kurumlar\u0131nda ve sosyal alanlarda eri\u015filebilirlik \u015fartlar\u0131n\u0131n yerinde incelenmesinin, fark\u0131ndal\u0131k art\u0131r\u0131c\u0131 \u00f6nerilerin geli\u015ftirilmesinin ve ba\u015far\u0131l\u0131 yerel uygulamalar\u0131n yayg\u0131nla\u015ft\u0131r\u0131lmas\u0131 y\u00f6n\u00fcnde somut ad\u0131mlar at\u0131lmas\u0131n\u0131n hedeflendi\u011fi vurguland\u0131. Komisyon \u00fcyelerinin saha \u00e7al\u0131\u015fmalar\u0131na ili\u015fkin t\u00fcm tespit ve \u00f6nerilerini, tatil d\u00f6nemi boyunca do\u011frudan komisyona iletebilece\u011fi; ayr\u0131ca valiliklerin, gerekli kolayl\u0131\u011f\u0131 sa\u011flamak \u00fczere bilgilendirildi\u011fi ifade edildi.<br \/>\n<br \/>Dr. Kasapo\u011flu, &#8220;Sahadaki \u00f6zverili ve titiz \u00e7al\u0131\u015fmalar\u0131n\u0131z, engelli bireylerimizin toplumsal ya\u015fama daha g\u00fc\u00e7l\u00fc kat\u0131l\u0131m\u0131 ve kar\u015f\u0131la\u015ft\u0131klar\u0131 sorunlara ger\u00e7ek\u00e7i \u00e7\u00f6z\u00fcmler \u00fcretilmesi a\u00e7\u0131s\u0131ndan son derece de\u011ferlidir. Komisyonumuz, tatil d\u00f6neminde de \u00e7al\u0131\u015fmalar\u0131n\u0131 s\u00fcrd\u00fcrecek. elde edilen bulgu ve \u00f6neriler yeni yasama y\u0131l\u0131nda Meclis g\u00fcndemine ta\u015f\u0131nacakt\u0131r&#8221; dedi.<br \/><\/p>\n","protected":false},"excerpt":{"rendered":"<p>TBMM Engelli Bireylerin Sorunlar\u0131n\u0131 Ara\u015ft\u0131rma Komisyonu, Meclis\u2019in tatile girmesiyle birlikte resmi \u00e7al\u0131\u015fmalar\u0131na 1 Ekim 2025 tarihine kadar ara verirken, Komisyon Ba\u015fkan\u0131 Dr. Mehmet Muharrem Kasapo\u011flu, saha \u00e7al\u0131\u015fmalar\u0131n\u0131n h\u0131z kesmeden s\u00fcrece\u011fini vurgulad\u0131. Komisyon \u00fcyelerine g\u00f6nderilen bilgilendirme yaz\u0131s\u0131nda, &#8220;Meclis tatilde olabilir ancak bizler sahada, vatanda\u015flar\u0131m\u0131zla i\u00e7 i\u00e7e \u00e7al\u0131\u015fmaya devam edece\u011fiz. Engelli bireylerimizin hayat\u0131na dokunan sorunlar\u0131 tespit etmek&#8230;<\/p>\n","protected":false},"author":1,"featured_media":49616,"comment_status":"open","ping_status":"open","sticky":false,"template":"","format":"standard","meta":{"_crdt_document":"","footnotes":""},"categories":[127],"tags":[],"class_list":["post-49615","post","type-post","status-publish","format-standard","has-post-thumbnail","hentry","category-siyaset"],"_links":{"self":[{"href":"https:\/\/www.egemtv.com\/index.php?rest_route=\/wp\/v2\/posts\/49615","targetHints":{"allow":["GET"]}}],"collection":[{"href":"https:\/\/www.egemtv.com\/index.php?rest_route=\/wp\/v2\/posts"}],"about":[{"href":"https:\/\/www.egemtv.com\/index.php?rest_route=\/wp\/v2\/types\/post"}],"author":[{"embeddable":true,"href":"https:\/\/www.egemtv.com\/index.php?rest_route=\/wp\/v2\/users\/1"}],"replies":[{"embeddable":true,"href":"https:\/\/www.egemtv.com\/index.php?rest_route=%2Fwp%2Fv2%2Fcomments&post=49615"}],"version-history":[{"count":1,"href":"https:\/\/www.egemtv.com\/index.php?rest_route=\/wp\/v2\/posts\/49615\/revisions"}],"predecessor-version":[{"id":49617,"href":"https:\/\/www.egemtv.com\/index.php?rest_route=\/wp\/v2\/posts\/49615\/revisions\/49617"}],"wp:featuredmedia":[{"embeddable":true,"href":"https:\/\/www.egemtv.com\/index.php?rest_route=\/wp\/v2\/media\/49616"}],"wp:attachment":[{"href":"https:\/\/www.egemtv.com\/index.php?rest_route=%2Fwp%2Fv2%2Fmedia&parent=49615"}],"wp:term":[{"taxonomy":"category","embeddable":true,"href":"https:\/\/www.egemtv.com\/index.php?rest_route=%2Fwp%2Fv2%2Fcategories&post=49615"},{"taxonomy":"post_tag","embeddable":true,"href":"https:\/\/www.egemtv.com\/index.php?rest_route=%2Fwp%2Fv2%2Ftags&post=49615"}],"curies":[{"name":"wp","href":"https:\/\/api.w.org\/{rel}","templated":true}]}}