{"id":49609,"date":"2025-08-18T15:54:58","date_gmt":"2025-08-18T12:54:58","guid":{"rendered":"https:\/\/www.egemtv.com\/?p=49609"},"modified":"2025-08-18T15:54:59","modified_gmt":"2025-08-18T12:54:59","slug":"zabitadan-motosiklet-ve-skuter-denetimi","status":"publish","type":"post","link":"https:\/\/www.egemtv.com\/?p=49609","title":{"rendered":"Zab\u0131tadan motosiklet ve skuter denetimi"},"content":{"rendered":"<p>Bodrum Belediyesi Zab\u0131ta M\u00fcd\u00fcrl\u00fc\u011f\u00fc\u2019ne ba\u011fl\u0131 Trafik Zab\u0131ta ekipleri, ara\u00e7 trafi\u011fine kapal\u0131 yaya yo\u011funlu\u011funun oldu\u011fu b\u00f6lgelerde denetim ve uygulamalar\u0131na devam ediyor.<\/p>\n<p>Trafik Zab\u0131ta ekipleri, yaz sezonuyla birlikte yaya yo\u011funlu\u011funun oldu\u011fu alanlarda motosiklet ve skuter s\u00fcr\u00fcc\u00fclerine y\u00f6nelik denetimler ger\u00e7ekle\u015ftiriyor. Yar\u0131madan\u0131n farkl\u0131 noktalar\u0131nda denetimler yapan ekipler, motorlu ara\u00e7lar\u0131n yaya alanlar\u0131na giri\u015fini engellemeye y\u00f6nelik \u00e7al\u0131\u015fmalar yaparken yaya g\u00fcvenli\u011fini tehlikeye atan s\u00fcr\u00fcc\u00fclere de cezai i\u015flemler uyguluyor. 2025 y\u0131l\u0131 i\u00e7erisinde ger\u00e7ekle\u015ftirilen denetimlerde, Kabahatler Kanunu\u2019nun ilgili maddeleri uyar\u0131nca 887 motosiklet s\u00fcr\u00fcc\u00fcs\u00fcne 2 milyon 619 bin lira tutar\u0131nda cezai i\u015flem uyguland\u0131.<\/p>\n<p>Kald\u0131r\u0131mlara yaya ve ara\u00e7 ge\u00e7i\u015fini engelleyecek \u015fekilde park eden ara\u00e7lara y\u00f6nelik de denetimlerini art\u0131ran Trafik Zab\u0131ta ekipleri, 2025 y\u0131l\u0131 i\u00e7inde toplam 3 bin 60 araca 9 milyon 36 bin lira ceza uygulad\u0131. Trafik Zab\u0131ta ekiplerinin denetim ve uygulamalar\u0131, belirlenen b\u00f6lgelerde s\u0131kl\u0131kla devam edecek.<br \/><\/p>\n","protected":false},"excerpt":{"rendered":"<p>Bodrum Belediyesi Zab\u0131ta M\u00fcd\u00fcrl\u00fc\u011f\u00fc\u2019ne ba\u011fl\u0131 Trafik Zab\u0131ta ekipleri, ara\u00e7 trafi\u011fine kapal\u0131 yaya yo\u011funlu\u011funun oldu\u011fu b\u00f6lgelerde denetim ve uygulamalar\u0131na devam ediyor. Trafik Zab\u0131ta ekipleri, yaz sezonuyla birlikte yaya yo\u011funlu\u011funun oldu\u011fu alanlarda motosiklet ve skuter s\u00fcr\u00fcc\u00fclerine y\u00f6nelik denetimler ger\u00e7ekle\u015ftiriyor. Yar\u0131madan\u0131n farkl\u0131 noktalar\u0131nda denetimler yapan ekipler, motorlu ara\u00e7lar\u0131n yaya alanlar\u0131na giri\u015fini engellemeye y\u00f6nelik \u00e7al\u0131\u015fmalar yaparken yaya g\u00fcvenli\u011fini tehlikeye&#8230;<\/p>\n","protected":false},"author":1,"featured_media":49610,"comment_status":"open","ping_status":"open","sticky":false,"template":"","format":"standard","meta":{"_crdt_document":"","footnotes":""},"categories":[5],"tags":[],"class_list":["post-49609","post","type-post","status-publish","format-standard","has-post-thumbnail","hentry","category-asayis"],"_links":{"self":[{"href":"https:\/\/www.egemtv.com\/index.php?rest_route=\/wp\/v2\/posts\/49609","targetHints":{"allow":["GET"]}}],"collection":[{"href":"https:\/\/www.egemtv.com\/index.php?rest_route=\/wp\/v2\/posts"}],"about":[{"href":"https:\/\/www.egemtv.com\/index.php?rest_route=\/wp\/v2\/types\/post"}],"author":[{"embeddable":true,"href":"https:\/\/www.egemtv.com\/index.php?rest_route=\/wp\/v2\/users\/1"}],"replies":[{"embeddable":true,"href":"https:\/\/www.egemtv.com\/index.php?rest_route=%2Fwp%2Fv2%2Fcomments&post=49609"}],"version-history":[{"count":1,"href":"https:\/\/www.egemtv.com\/index.php?rest_route=\/wp\/v2\/posts\/49609\/revisions"}],"predecessor-version":[{"id":49611,"href":"https:\/\/www.egemtv.com\/index.php?rest_route=\/wp\/v2\/posts\/49609\/revisions\/49611"}],"wp:featuredmedia":[{"embeddable":true,"href":"https:\/\/www.egemtv.com\/index.php?rest_route=\/wp\/v2\/media\/49610"}],"wp:attachment":[{"href":"https:\/\/www.egemtv.com\/index.php?rest_route=%2Fwp%2Fv2%2Fmedia&parent=49609"}],"wp:term":[{"taxonomy":"category","embeddable":true,"href":"https:\/\/www.egemtv.com\/index.php?rest_route=%2Fwp%2Fv2%2Fcategories&post=49609"},{"taxonomy":"post_tag","embeddable":true,"href":"https:\/\/www.egemtv.com\/index.php?rest_route=%2Fwp%2Fv2%2Ftags&post=49609"}],"curies":[{"name":"wp","href":"https:\/\/api.w.org\/{rel}","templated":true}]}}