{"id":49606,"date":"2025-08-18T15:54:58","date_gmt":"2025-08-18T12:54:58","guid":{"rendered":"https:\/\/www.egemtv.com\/?p=49606"},"modified":"2025-08-18T15:54:58","modified_gmt":"2025-08-18T12:54:58","slug":"bucaspor-1928den-ic-transfer-hamlesi","status":"publish","type":"post","link":"https:\/\/www.egemtv.com\/?p=49606","title":{"rendered":"Bucaspor 1928\u2019den i\u00e7 transfer hamlesi"},"content":{"rendered":"<p>Bucaspor 1928, i\u00e7 transferde Y\u0131lmaz \u00d6zeren, Osman I\u015f\u0131kl\u0131 ve Do\u011fan \u00c7aml\u0131 ile 1 y\u0131ll\u0131k yeni s\u00f6zle\u015fme imzalad\u0131.<br \/>\n<br \/>TFF 2. Lig Beyaz Grup ekiplerinden Bucaspor 1928, i\u00e7 transfer \u00e7al\u0131\u015fmalar\u0131na ba\u015flad\u0131. Eski yabanc\u0131 futbolcular\u0131na olan bor\u00e7lar\u0131 nedeniyle FIFA\u2019dan transfer yasa\u011f\u0131 alan sar\u0131-lacivertliler, bu engel nedeniyle d\u0131\u015f transfer yapamazken, mevcut kadrosundan \u00fc\u00e7 \u00f6nemli ismi tak\u0131mda tutmay\u0131 ba\u015fard\u0131.<br \/>\n<br \/>\u0130zmir temsilcisi, ge\u00e7ti\u011fimiz sezonun dikkat \u00e7eken oyuncular\u0131ndan Y\u0131lmaz \u00d6zeren, Osman I\u015f\u0131kl\u0131 ve Do\u011fan \u00c7aml\u0131 ile yeniden anla\u015fma sa\u011flad\u0131. \u00dc\u00e7 futbolcuyla 1\u2019er y\u0131ll\u0131k s\u00f6zle\u015fme imzalan\u0131rken, sar\u0131-lacivertliler yeni sezona en az hasarla ba\u015flamay\u0131 hedefliyor.<br \/><\/p>\n","protected":false},"excerpt":{"rendered":"<p>Bucaspor 1928, i\u00e7 transferde Y\u0131lmaz \u00d6zeren, Osman I\u015f\u0131kl\u0131 ve Do\u011fan \u00c7aml\u0131 ile 1 y\u0131ll\u0131k yeni s\u00f6zle\u015fme imzalad\u0131. TFF 2. Lig Beyaz Grup ekiplerinden Bucaspor 1928, i\u00e7 transfer \u00e7al\u0131\u015fmalar\u0131na ba\u015flad\u0131. Eski yabanc\u0131 futbolcular\u0131na olan bor\u00e7lar\u0131 nedeniyle FIFA\u2019dan transfer yasa\u011f\u0131 alan sar\u0131-lacivertliler, bu engel nedeniyle d\u0131\u015f transfer yapamazken, mevcut kadrosundan \u00fc\u00e7 \u00f6nemli ismi tak\u0131mda tutmay\u0131 ba\u015fard\u0131. \u0130zmir&#8230;<\/p>\n","protected":false},"author":1,"featured_media":49607,"comment_status":"open","ping_status":"open","sticky":false,"template":"","format":"standard","meta":{"_crdt_document":"","footnotes":""},"categories":[4],"tags":[],"class_list":["post-49606","post","type-post","status-publish","format-standard","has-post-thumbnail","hentry","category-spor"],"_links":{"self":[{"href":"https:\/\/www.egemtv.com\/index.php?rest_route=\/wp\/v2\/posts\/49606","targetHints":{"allow":["GET"]}}],"collection":[{"href":"https:\/\/www.egemtv.com\/index.php?rest_route=\/wp\/v2\/posts"}],"about":[{"href":"https:\/\/www.egemtv.com\/index.php?rest_route=\/wp\/v2\/types\/post"}],"author":[{"embeddable":true,"href":"https:\/\/www.egemtv.com\/index.php?rest_route=\/wp\/v2\/users\/1"}],"replies":[{"embeddable":true,"href":"https:\/\/www.egemtv.com\/index.php?rest_route=%2Fwp%2Fv2%2Fcomments&post=49606"}],"version-history":[{"count":1,"href":"https:\/\/www.egemtv.com\/index.php?rest_route=\/wp\/v2\/posts\/49606\/revisions"}],"predecessor-version":[{"id":49608,"href":"https:\/\/www.egemtv.com\/index.php?rest_route=\/wp\/v2\/posts\/49606\/revisions\/49608"}],"wp:featuredmedia":[{"embeddable":true,"href":"https:\/\/www.egemtv.com\/index.php?rest_route=\/wp\/v2\/media\/49607"}],"wp:attachment":[{"href":"https:\/\/www.egemtv.com\/index.php?rest_route=%2Fwp%2Fv2%2Fmedia&parent=49606"}],"wp:term":[{"taxonomy":"category","embeddable":true,"href":"https:\/\/www.egemtv.com\/index.php?rest_route=%2Fwp%2Fv2%2Fcategories&post=49606"},{"taxonomy":"post_tag","embeddable":true,"href":"https:\/\/www.egemtv.com\/index.php?rest_route=%2Fwp%2Fv2%2Ftags&post=49606"}],"curies":[{"name":"wp","href":"https:\/\/api.w.org\/{rel}","templated":true}]}}