{"id":49603,"date":"2025-08-18T15:54:57","date_gmt":"2025-08-18T12:54:57","guid":{"rendered":"https:\/\/www.egemtv.com\/?p=49603"},"modified":"2025-08-18T15:54:58","modified_gmt":"2025-08-18T12:54:58","slug":"aydinda-tren-seferleri-iptal-oldu-vatandaslar-kapidan-dondu","status":"publish","type":"post","link":"https:\/\/www.egemtv.com\/?p=49603","title":{"rendered":"Ayd\u0131n\u2019da tren seferleri iptal oldu, vatanda\u015flar kap\u0131dan d\u00f6nd\u00fc"},"content":{"rendered":"<p>Memurlar\u0131n i\u015f b\u0131rakma eylemi sonras\u0131nda Ayd\u0131n\u2019da tren seferleri iptal olunca, bilet almak i\u00e7in tren gar\u0131na gelen vatanda\u015flar kap\u0131dan d\u00f6nd\u00fc.<br \/>\n<br \/>Kamu \u00e7al\u0131\u015fanlar\u0131 bug\u00fcn \u00fclke genelinde oldu\u011fu gibi Ayd\u0131n\u2019da da i\u015f b\u0131rakt\u0131. Maa\u015f, sosyal hak ve \u00e7al\u0131\u015fma \u015fartlar\u0131na ili\u015fkin 8. D\u00f6nem Toplu S\u00f6zle\u015fme g\u00f6r\u00fc\u015fmeleri tekliflerini yetersiz bulan memurlar\u0131n i\u015f b\u0131rakmas\u0131 sonucunda Ayd\u0131n\u2019da tren seferleri iptal edildi. \u0130zmir-Ayd\u0131n-Denizli aras\u0131 sefer yapan trenlerin iptal olmas\u0131 sebebiyle, bilet almak i\u00e7in tren gar\u0131na gelen vatanda\u015flar da kap\u0131dan d\u00f6nmek zorunda kald\u0131.<br \/>\n<br \/>Hemen her g\u00fcn \u00e7ok say\u0131da vatanda\u015f\u0131 kulland\u0131\u011f\u0131 tren gar\u0131 da sessizli\u011fe b\u00fcr\u00fcn\u00fcrken, gar g\u00f6revlileri de bo\u015f kalan peronlarda temizlik \u00e7al\u0131\u015fmas\u0131 ger\u00e7ekle\u015ftirdi.<br \/>\n<br \/>&#8220;Ayd\u0131n\u2019da mahsur kald\u0131m&#8221;<br \/>\n<br \/>Ayd\u0131n\u2019dan trenle \u0130zmir\u2019in Torbal\u0131 il\u00e7esine gitmek istedi\u011fini ifade eden vatanda\u015flardan \u0130kram Polat, &#8220;Ben Ayd\u0131n\u2019dan \u0130zmir Torbal\u0131\u2019ya gidecektim. Geldim bilet yoktu. Tren seferleri iptal olmu\u015f. Ben de burada mahsur kald\u0131m. Bakal\u0131m neler olacak&#8221; diyerek ma\u011fdur oldu\u011funu dile getirdi.<br \/>\n<br \/>\u0130ptal olan seferler ile ilgili T\u00fcrkiye Cumhuriyeti Devlet Demiryollar\u0131\u2019ndan (TCDD) yap\u0131lan payla\u015f\u0131mda ise &#8220;Say\u0131n yolcular\u0131m\u0131z, \u00fclke genelinde kamu memurlar\u0131nca ger\u00e7ekle\u015ftirilen bir g\u00fcnl\u00fck i\u015f b\u0131rakma eylemi dolay\u0131s\u0131yla bug\u00fcn (18 A\u011fustos 2025) ana hat ve b\u00f6lgesel tren seferlerimizde gecikmeler ve iptaller meydana gelmektedir. G\u00f6sterdi\u011finiz anlay\u0131\u015f i\u00e7in te\u015fekk\u00fcr eder, iyi yolculuklar dileriz&#8221; ifadeleri yer ald\u0131.<br \/><\/p>\n","protected":false},"excerpt":{"rendered":"<p>Memurlar\u0131n i\u015f b\u0131rakma eylemi sonras\u0131nda Ayd\u0131n\u2019da tren seferleri iptal olunca, bilet almak i\u00e7in tren gar\u0131na gelen vatanda\u015flar kap\u0131dan d\u00f6nd\u00fc. Kamu \u00e7al\u0131\u015fanlar\u0131 bug\u00fcn \u00fclke genelinde oldu\u011fu gibi Ayd\u0131n\u2019da da i\u015f b\u0131rakt\u0131. Maa\u015f, sosyal hak ve \u00e7al\u0131\u015fma \u015fartlar\u0131na ili\u015fkin 8. D\u00f6nem Toplu S\u00f6zle\u015fme g\u00f6r\u00fc\u015fmeleri tekliflerini yetersiz bulan memurlar\u0131n i\u015f b\u0131rakmas\u0131 sonucunda Ayd\u0131n\u2019da tren seferleri iptal edildi. \u0130zmir-Ayd\u0131n-Denizli&#8230;<\/p>\n","protected":false},"author":1,"featured_media":49604,"comment_status":"open","ping_status":"open","sticky":false,"template":"","format":"standard","meta":{"_crdt_document":"","footnotes":""},"categories":[1],"tags":[],"class_list":["post-49603","post","type-post","status-publish","format-standard","has-post-thumbnail","hentry","category-guncel"],"_links":{"self":[{"href":"https:\/\/www.egemtv.com\/index.php?rest_route=\/wp\/v2\/posts\/49603","targetHints":{"allow":["GET"]}}],"collection":[{"href":"https:\/\/www.egemtv.com\/index.php?rest_route=\/wp\/v2\/posts"}],"about":[{"href":"https:\/\/www.egemtv.com\/index.php?rest_route=\/wp\/v2\/types\/post"}],"author":[{"embeddable":true,"href":"https:\/\/www.egemtv.com\/index.php?rest_route=\/wp\/v2\/users\/1"}],"replies":[{"embeddable":true,"href":"https:\/\/www.egemtv.com\/index.php?rest_route=%2Fwp%2Fv2%2Fcomments&post=49603"}],"version-history":[{"count":1,"href":"https:\/\/www.egemtv.com\/index.php?rest_route=\/wp\/v2\/posts\/49603\/revisions"}],"predecessor-version":[{"id":49605,"href":"https:\/\/www.egemtv.com\/index.php?rest_route=\/wp\/v2\/posts\/49603\/revisions\/49605"}],"wp:featuredmedia":[{"embeddable":true,"href":"https:\/\/www.egemtv.com\/index.php?rest_route=\/wp\/v2\/media\/49604"}],"wp:attachment":[{"href":"https:\/\/www.egemtv.com\/index.php?rest_route=%2Fwp%2Fv2%2Fmedia&parent=49603"}],"wp:term":[{"taxonomy":"category","embeddable":true,"href":"https:\/\/www.egemtv.com\/index.php?rest_route=%2Fwp%2Fv2%2Fcategories&post=49603"},{"taxonomy":"post_tag","embeddable":true,"href":"https:\/\/www.egemtv.com\/index.php?rest_route=%2Fwp%2Fv2%2Ftags&post=49603"}],"curies":[{"name":"wp","href":"https:\/\/api.w.org\/{rel}","templated":true}]}}