{"id":49600,"date":"2025-08-18T15:35:02","date_gmt":"2025-08-18T12:35:02","guid":{"rendered":"https:\/\/www.egemtv.com\/?p=49600"},"modified":"2025-08-18T15:35:04","modified_gmt":"2025-08-18T12:35:04","slug":"turgutreise-3-kilometrelik-spor-hatti","status":"publish","type":"post","link":"https:\/\/www.egemtv.com\/?p=49600","title":{"rendered":"Turgutreis\u2019e 3 kilometrelik spor hatt\u0131"},"content":{"rendered":"<p>Turgutreis\u2019te yenilenen bisiklet ve ko\u015fu yolu vatanda\u015flar\u0131n kullan\u0131m\u0131na a\u00e7\u0131ld\u0131.<br \/>\n<br \/>Altyap\u0131 \u00e7al\u0131\u015fmalar\u0131n\u0131n tamamlanmas\u0131n\u0131n ard\u0131ndan Mu\u011fla B\u00fcy\u00fck\u015fehir Belediyesi ile Bodrum Belediyesi i\u015f birli\u011finde Turgutreis Gazi Mustafa Kemal Bulvar\u0131\u2019nda y\u00fcr\u00fct\u00fclen \u00fcstyap\u0131 \u00e7al\u0131\u015fmalar\u0131 da tamamland\u0131.<br \/>\n<br \/>17 A\u011fustos Pazar g\u00fcn\u00fc, yenilenen bisiklet ve ko\u015fu yolunda vatanda\u015flar, ba\u015fkan yard\u0131mc\u0131lar\u0131 ve meclis \u00fcyeleri ile sabah ko\u015fusu yapan Bodrum Belediye Ba\u015fkan\u0131 Tamer Mandalinci, spora y\u00f6nelik her t\u00fcrl\u00fc yenileme ve yat\u0131r\u0131m \u00e7al\u0131\u015fmalar\u0131n\u0131n devam edece\u011fini s\u00f6yledi.<br \/>\n<br \/>Sporla ya\u015fam\u0131n yar\u0131mada genelinde yayg\u0131nla\u015faca\u011f\u0131n\u0131 ifade eden Ba\u015fkan Mandalinci s\u00f6zlerine \u015f\u00f6yle devam etti: &#8220;\u00c7ok k\u0131sa s\u00fcre \u00f6nce Bodrum Belediyesi ve Mu\u011fla B\u00fcy\u00fck\u015fehir Belediyesi i\u015f birli\u011fi ile hayata ge\u00e7irmi\u015f oldu\u011fumuz Turgutreis Gazi Mustafa Kemal Bulvar\u0131\u2019nda bulunan ko\u015fu ve bisiklet yolundaki son i\u015flemler de Bodrum Belediyesi Fen \u0130\u015fleri M\u00fcd\u00fcrl\u00fc\u011f\u00fc taraf\u0131ndan tamamland\u0131. Kesintisiz 2 bin 900 metrelik bir hat buras\u0131. Ve b\u00fct\u00fcn vatanda\u015flar\u0131m\u0131z\u0131n, spora g\u00f6n\u00fcl veren herkesin 7\/24 spor yapmas\u0131na olanak veren bir yol. \u00c7al\u0131\u015fmalarda katk\u0131lar\u0131 olan Mu\u011fla B\u00fcy\u00fck\u015fehir Belediyemize, Bodrum Belediyemizin Fen \u0130\u015fleri M\u00fcd\u00fcrl\u00fc\u011f\u00fc, Destek Hizmetleri M\u00fcd\u00fcrl\u00fc\u011f\u00fc, Park ve Bah\u00e7eler M\u00fcd\u00fcrl\u00fc\u011f\u00fc ve di\u011fer b\u00fct\u00fcn m\u00fcd\u00fcrl\u00fcklerdeki \u00e7al\u0131\u015fma arkada\u015flar\u0131m\u0131za \u00e7ok te\u015fekk\u00fcr ediyorum. Sadece Turgutreis\u2019te de\u011fil Bodrum Yar\u0131madam\u0131z\u2019\u0131n her b\u00f6lgesinde spora g\u00f6n\u00fcl veren, spor yapmay\u0131 seven herkes i\u00e7in spor alanlar\u0131n\u0131 hayata ge\u00e7irmeye devam edece\u011fiz.&#8221;<br \/>\n<br \/>\u2019Sahil \u015feridi ba\u015ftan sona yenilendi\u2019<br \/>\n<br \/>Mu\u011fla B\u00fcy\u00fck\u015fehir Belediyesi taraf\u0131ndan Turgutreis Gazi Mustafa Kemal Bulvar\u0131\u2019nda 34 milyon liral\u0131k yat\u0131r\u0131mla 2 bin 900 metrelik yolda s\u0131cak asfalt kaplama \u00e7al\u0131\u015fmas\u0131 ger\u00e7ekle\u015ftirildi. Bodrum Belediyesi Fen \u0130\u015fleri M\u00fcd\u00fcrl\u00fc\u011f\u00fc ekipleri ise ayn\u0131 b\u00f6lgede ba\u015flad\u0131\u011f\u0131 bak\u0131m, onar\u0131m ve yenileme \u00e7al\u0131\u015fmalar\u0131 kapsam\u0131nda 350 metre ya\u011fmur suyu hatt\u0131 ile 12 noktada mazgal imalat\u0131 yapt\u0131.  Ayr\u0131ca yolun bin 200 metrelik b\u00f6l\u00fcm\u00fcnde bulunan bord\u00fcrlerde de onar\u0131m ve yenileme \u00e7al\u0131\u015fmalar\u0131 ger\u00e7ekle\u015ftirildi.<br \/>\n<br \/>Son olarak Mu\u011fla B\u00fcy\u00fck\u015fehir Belediyesi taraf\u0131ndan asfalt \u00e7al\u0131\u015fmalar\u0131 yenilenen 2 bin 900 metrelik bisiklet ve ko\u015fu yolu, Bodrum Belediyesi Fen \u0130\u015fleri M\u00fcd\u00fcrl\u00fc\u011f\u00fc ekiplerince \u00e7evreye zararl\u0131 olmayan \u00f6zel bir boya ile boyanarak tamamland\u0131. Bodrum Belediyesi Destek Hizmetleri M\u00fcd\u00fcrl\u00fc\u011f\u00fc at\u00f6lyelerinde \u00fcretilen 28 bank, 29 \u00e7\u00f6p kovas\u0131 ve 26 k\u00fcll\u00fck de belirli aral\u0131klarla sahil \u015feridine yerle\u015ftirildi.<br \/><\/p>\n","protected":false},"excerpt":{"rendered":"<p>Turgutreis\u2019te yenilenen bisiklet ve ko\u015fu yolu vatanda\u015flar\u0131n kullan\u0131m\u0131na a\u00e7\u0131ld\u0131. Altyap\u0131 \u00e7al\u0131\u015fmalar\u0131n\u0131n tamamlanmas\u0131n\u0131n ard\u0131ndan Mu\u011fla B\u00fcy\u00fck\u015fehir Belediyesi ile Bodrum Belediyesi i\u015f birli\u011finde Turgutreis Gazi Mustafa Kemal Bulvar\u0131\u2019nda y\u00fcr\u00fct\u00fclen \u00fcstyap\u0131 \u00e7al\u0131\u015fmalar\u0131 da tamamland\u0131. 17 A\u011fustos Pazar g\u00fcn\u00fc, yenilenen bisiklet ve ko\u015fu yolunda vatanda\u015flar, ba\u015fkan yard\u0131mc\u0131lar\u0131 ve meclis \u00fcyeleri ile sabah ko\u015fusu yapan Bodrum Belediye Ba\u015fkan\u0131 Tamer Mandalinci,&#8230;<\/p>\n","protected":false},"author":1,"featured_media":49601,"comment_status":"open","ping_status":"open","sticky":false,"template":"","format":"standard","meta":{"_crdt_document":"","footnotes":""},"categories":[1],"tags":[],"class_list":["post-49600","post","type-post","status-publish","format-standard","has-post-thumbnail","hentry","category-guncel"],"_links":{"self":[{"href":"https:\/\/www.egemtv.com\/index.php?rest_route=\/wp\/v2\/posts\/49600","targetHints":{"allow":["GET"]}}],"collection":[{"href":"https:\/\/www.egemtv.com\/index.php?rest_route=\/wp\/v2\/posts"}],"about":[{"href":"https:\/\/www.egemtv.com\/index.php?rest_route=\/wp\/v2\/types\/post"}],"author":[{"embeddable":true,"href":"https:\/\/www.egemtv.com\/index.php?rest_route=\/wp\/v2\/users\/1"}],"replies":[{"embeddable":true,"href":"https:\/\/www.egemtv.com\/index.php?rest_route=%2Fwp%2Fv2%2Fcomments&post=49600"}],"version-history":[{"count":1,"href":"https:\/\/www.egemtv.com\/index.php?rest_route=\/wp\/v2\/posts\/49600\/revisions"}],"predecessor-version":[{"id":49602,"href":"https:\/\/www.egemtv.com\/index.php?rest_route=\/wp\/v2\/posts\/49600\/revisions\/49602"}],"wp:featuredmedia":[{"embeddable":true,"href":"https:\/\/www.egemtv.com\/index.php?rest_route=\/wp\/v2\/media\/49601"}],"wp:attachment":[{"href":"https:\/\/www.egemtv.com\/index.php?rest_route=%2Fwp%2Fv2%2Fmedia&parent=49600"}],"wp:term":[{"taxonomy":"category","embeddable":true,"href":"https:\/\/www.egemtv.com\/index.php?rest_route=%2Fwp%2Fv2%2Fcategories&post=49600"},{"taxonomy":"post_tag","embeddable":true,"href":"https:\/\/www.egemtv.com\/index.php?rest_route=%2Fwp%2Fv2%2Ftags&post=49600"}],"curies":[{"name":"wp","href":"https:\/\/api.w.org\/{rel}","templated":true}]}}