{"id":49597,"date":"2025-08-18T15:35:00","date_gmt":"2025-08-18T12:35:00","guid":{"rendered":"https:\/\/www.egemtv.com\/?p=49597"},"modified":"2025-08-18T15:35:02","modified_gmt":"2025-08-18T12:35:02","slug":"germencikte-incir-hirsizligina-karsi-jandarmadan-siki-denetim","status":"publish","type":"post","link":"https:\/\/www.egemtv.com\/?p=49597","title":{"rendered":"Germencik\u2019te incir h\u0131rs\u0131zl\u0131\u011f\u0131na kar\u015f\u0131 jandarmadan s\u0131k\u0131 denetim"},"content":{"rendered":"<p>Ayd\u0131n\u2019\u0131n Germencik il\u00e7esinde jandarma ekipleri, incir h\u0131rs\u0131zl\u0131klar\u0131n\u0131n \u00f6nlenmesi amac\u0131yla geni\u015f kapsaml\u0131 denetim ger\u00e7ekle\u015ftirdi.<\/p>\n<p>Edinilen bilgiye g\u00f6re, \u0130l\u00e7eye ba\u011fl\u0131 Turanlar, Reisk\u00f6y, Mursall\u0131, Tekin, \u00d6merbeyli, K\u0131z\u0131lcagedik, Alang\u00fcll\u00fc ve Ne\u015fetiye mahallelerinde, Germencik \u0130l\u00e7e Jandarma Komutanl\u0131\u011f\u0131 Asayi\u015f Timleri, Jandarma Motosikletli Asayi\u015f Timi, Trafik Timi, Jandarma Su\u00e7 Ara\u015ft\u0131rma Timi (JASAT) ve Ayd\u0131n \u0130l Jandarma Komutanl\u0131\u011f\u0131na ba\u011fl\u0131 komandolar \u00f6nleyici kolluk devriyesi ger\u00e7ekle\u015ftirdi. \u00c7al\u0131\u015fmalar kapsam\u0131nda \u00fcreticilerle g\u00f6r\u00fc\u015fen ekipler, h\u0131rs\u0131zl\u0131k olaylar\u0131na kar\u015f\u0131 dikkatli olunmas\u0131 konusunda bilgilendirmelerde bulundu. Vatanda\u015flardan \u015f\u00fcpheli durumlarda 112 Acil \u00c7a\u011fr\u0131 Merkezi\u2019ni veya jandarma komutanl\u0131\u011f\u0131n\u0131 aramalar\u0131 istendi. Yetkililer, il\u00e7edeki t\u00fcm mahallelerde incir h\u0131rs\u0131zl\u0131\u011f\u0131n\u0131n \u00f6nlenmesine y\u00f6nelik \u00e7al\u0131\u015fmalar\u0131n aral\u0131ks\u0131z s\u00fcrece\u011fini belirtti.<br \/><\/p>\n","protected":false},"excerpt":{"rendered":"<p>Ayd\u0131n\u2019\u0131n Germencik il\u00e7esinde jandarma ekipleri, incir h\u0131rs\u0131zl\u0131klar\u0131n\u0131n \u00f6nlenmesi amac\u0131yla geni\u015f kapsaml\u0131 denetim ger\u00e7ekle\u015ftirdi. Edinilen bilgiye g\u00f6re, \u0130l\u00e7eye ba\u011fl\u0131 Turanlar, Reisk\u00f6y, Mursall\u0131, Tekin, \u00d6merbeyli, K\u0131z\u0131lcagedik, Alang\u00fcll\u00fc ve Ne\u015fetiye mahallelerinde, Germencik \u0130l\u00e7e Jandarma Komutanl\u0131\u011f\u0131 Asayi\u015f Timleri, Jandarma Motosikletli Asayi\u015f Timi, Trafik Timi, Jandarma Su\u00e7 Ara\u015ft\u0131rma Timi (JASAT) ve Ayd\u0131n \u0130l Jandarma Komutanl\u0131\u011f\u0131na ba\u011fl\u0131 komandolar \u00f6nleyici kolluk devriyesi&#8230;<\/p>\n","protected":false},"author":1,"featured_media":49598,"comment_status":"open","ping_status":"open","sticky":false,"template":"","format":"standard","meta":{"_crdt_document":"","footnotes":""},"categories":[5],"tags":[],"class_list":["post-49597","post","type-post","status-publish","format-standard","has-post-thumbnail","hentry","category-asayis"],"_links":{"self":[{"href":"https:\/\/www.egemtv.com\/index.php?rest_route=\/wp\/v2\/posts\/49597","targetHints":{"allow":["GET"]}}],"collection":[{"href":"https:\/\/www.egemtv.com\/index.php?rest_route=\/wp\/v2\/posts"}],"about":[{"href":"https:\/\/www.egemtv.com\/index.php?rest_route=\/wp\/v2\/types\/post"}],"author":[{"embeddable":true,"href":"https:\/\/www.egemtv.com\/index.php?rest_route=\/wp\/v2\/users\/1"}],"replies":[{"embeddable":true,"href":"https:\/\/www.egemtv.com\/index.php?rest_route=%2Fwp%2Fv2%2Fcomments&post=49597"}],"version-history":[{"count":1,"href":"https:\/\/www.egemtv.com\/index.php?rest_route=\/wp\/v2\/posts\/49597\/revisions"}],"predecessor-version":[{"id":49599,"href":"https:\/\/www.egemtv.com\/index.php?rest_route=\/wp\/v2\/posts\/49597\/revisions\/49599"}],"wp:featuredmedia":[{"embeddable":true,"href":"https:\/\/www.egemtv.com\/index.php?rest_route=\/wp\/v2\/media\/49598"}],"wp:attachment":[{"href":"https:\/\/www.egemtv.com\/index.php?rest_route=%2Fwp%2Fv2%2Fmedia&parent=49597"}],"wp:term":[{"taxonomy":"category","embeddable":true,"href":"https:\/\/www.egemtv.com\/index.php?rest_route=%2Fwp%2Fv2%2Fcategories&post=49597"},{"taxonomy":"post_tag","embeddable":true,"href":"https:\/\/www.egemtv.com\/index.php?rest_route=%2Fwp%2Fv2%2Ftags&post=49597"}],"curies":[{"name":"wp","href":"https:\/\/api.w.org\/{rel}","templated":true}]}}