{"id":49594,"date":"2025-08-18T15:35:00","date_gmt":"2025-08-18T12:35:00","guid":{"rendered":"https:\/\/www.egemtv.com\/?p=49594"},"modified":"2025-08-18T15:35:00","modified_gmt":"2025-08-18T12:35:00","slug":"mentesede-motosiklet-kazasi-1-yarali","status":"publish","type":"post","link":"https:\/\/www.egemtv.com\/?p=49594","title":{"rendered":"Mente\u015fe\u2019de motosiklet kazas\u0131: 1 yaral\u0131"},"content":{"rendered":"<p>Mu\u011fla\u2019n\u0131n Mente\u015fe il\u00e7esinde meydana gelen tek tarafl\u0131 kazada motosiklet s\u00fcr\u00fcc\u00fcs\u00fc yaraland\u0131.<\/p>\n<p>Kaza, Mente\u015fe Karaba\u011flar Yayla yolu \u00fczerinde meydana geldi. Edinilen bilgiye g\u00f6re, E.\u0130. idaresindeki 48 AVT 159 plakal\u0131 motosiklet s\u00fcr\u00fcc\u00fcs\u00fcn\u00fcn hen\u00fcz bilinmeyen bir nedenle hakimiyeti kaybetmesi sonucu devrildi. Devrilen motosikletten d\u00fc\u015fen s\u00fcr\u00fcc\u00fc yaraland\u0131. Kazay\u0131 g\u00f6renler durumu 112 Acil \u00c7a\u011fr\u0131 Merkezi\u2019ne bildirdi. \u0130hbar \u00fczerine b\u00f6lgeye gelen sa\u011fl\u0131k ekipleri yaral\u0131 s\u00fcr\u00fcc\u00fcye ilk m\u00fcdahaleyi yaparak ambulansla hastaneye kald\u0131rd\u0131. Hastanede tedavi alt\u0131na al\u0131nan yaral\u0131n\u0131n hayati tehlikesinin bulunmad\u0131\u011f\u0131 \u00f6\u011frenildi.<\/p>\n<p>Kazayla ilgili soru\u015fturma s\u00fcr\u00fcyor.<br \/><\/p>\n","protected":false},"excerpt":{"rendered":"<p>Mu\u011fla\u2019n\u0131n Mente\u015fe il\u00e7esinde meydana gelen tek tarafl\u0131 kazada motosiklet s\u00fcr\u00fcc\u00fcs\u00fc yaraland\u0131. Kaza, Mente\u015fe Karaba\u011flar Yayla yolu \u00fczerinde meydana geldi. Edinilen bilgiye g\u00f6re, E.\u0130. idaresindeki 48 AVT 159 plakal\u0131 motosiklet s\u00fcr\u00fcc\u00fcs\u00fcn\u00fcn hen\u00fcz bilinmeyen bir nedenle hakimiyeti kaybetmesi sonucu devrildi. Devrilen motosikletten d\u00fc\u015fen s\u00fcr\u00fcc\u00fc yaraland\u0131. Kazay\u0131 g\u00f6renler durumu 112 Acil \u00c7a\u011fr\u0131 Merkezi\u2019ne bildirdi. \u0130hbar \u00fczerine b\u00f6lgeye gelen&#8230;<\/p>\n","protected":false},"author":1,"featured_media":49595,"comment_status":"open","ping_status":"open","sticky":false,"template":"","format":"standard","meta":{"_crdt_document":"","footnotes":""},"categories":[5],"tags":[],"class_list":["post-49594","post","type-post","status-publish","format-standard","has-post-thumbnail","hentry","category-asayis"],"_links":{"self":[{"href":"https:\/\/www.egemtv.com\/index.php?rest_route=\/wp\/v2\/posts\/49594","targetHints":{"allow":["GET"]}}],"collection":[{"href":"https:\/\/www.egemtv.com\/index.php?rest_route=\/wp\/v2\/posts"}],"about":[{"href":"https:\/\/www.egemtv.com\/index.php?rest_route=\/wp\/v2\/types\/post"}],"author":[{"embeddable":true,"href":"https:\/\/www.egemtv.com\/index.php?rest_route=\/wp\/v2\/users\/1"}],"replies":[{"embeddable":true,"href":"https:\/\/www.egemtv.com\/index.php?rest_route=%2Fwp%2Fv2%2Fcomments&post=49594"}],"version-history":[{"count":1,"href":"https:\/\/www.egemtv.com\/index.php?rest_route=\/wp\/v2\/posts\/49594\/revisions"}],"predecessor-version":[{"id":49596,"href":"https:\/\/www.egemtv.com\/index.php?rest_route=\/wp\/v2\/posts\/49594\/revisions\/49596"}],"wp:featuredmedia":[{"embeddable":true,"href":"https:\/\/www.egemtv.com\/index.php?rest_route=\/wp\/v2\/media\/49595"}],"wp:attachment":[{"href":"https:\/\/www.egemtv.com\/index.php?rest_route=%2Fwp%2Fv2%2Fmedia&parent=49594"}],"wp:term":[{"taxonomy":"category","embeddable":true,"href":"https:\/\/www.egemtv.com\/index.php?rest_route=%2Fwp%2Fv2%2Fcategories&post=49594"},{"taxonomy":"post_tag","embeddable":true,"href":"https:\/\/www.egemtv.com\/index.php?rest_route=%2Fwp%2Fv2%2Ftags&post=49594"}],"curies":[{"name":"wp","href":"https:\/\/api.w.org\/{rel}","templated":true}]}}