{"id":49591,"date":"2025-08-18T15:15:19","date_gmt":"2025-08-18T12:15:19","guid":{"rendered":"https:\/\/www.egemtv.com\/?p=49591"},"modified":"2025-08-18T15:15:20","modified_gmt":"2025-08-18T12:15:20","slug":"muskiden-gocekte-icme-suyu-ve-dere-temizlik-calismasi","status":"publish","type":"post","link":"https:\/\/www.egemtv.com\/?p=49591","title":{"rendered":"MUSK\u0130\u2019den G\u00f6cek\u2019te i\u00e7me suyu ve dere temizlik \u00e7al\u0131\u015fmas\u0131"},"content":{"rendered":"<p>Mu\u011fla B\u00fcy\u00fck\u015fehir Belediyesi MUSK\u0130 ekipleri taraf\u0131ndan Fethiye \u0130l\u00e7esi G\u00f6cek Mahallesi\u2019nde i\u00e7me suyu altyap\u0131s\u0131n\u0131n g\u00fc\u00e7lendirilmesi ve \u00e7evrenin korunmas\u0131 amac\u0131yla hat yenileme ile dere temizlik \u00e7al\u0131\u015fmalar\u0131 yap\u0131l\u0131yor.<br \/>\n<br \/>Mu\u011fla B\u00fcy\u00fck\u015fehir Belediyesi Su ve Kanalizasyon idaresi (MUSK\u0130) Genel M\u00fcd\u00fcrl\u00fc\u011f\u00fc taraf\u0131ndan yap\u0131lan \u00e7al\u0131\u015fmalarla Fethiye \u0130l\u00e7esi G\u00f6cek Mahallesi hem altyap\u0131 yat\u0131r\u0131mlar\u0131 hem de \u00e7evre d\u00fczenlemeleriyle daha sa\u011fl\u0131kl\u0131 ve g\u00fcvenli bir ya\u015fam alan\u0131na kavu\u015fuyor. Mahallede ba\u015flat\u0131lan dere temizli\u011fi ve i\u00e7me suyu hat yenileme \u00e7al\u0131\u015fmalar\u0131 b\u00f6lgenin \u00f6nemli bir ihtiyac\u0131n\u0131 ortadan kald\u0131r\u0131yor.<br \/>\n<br \/>MUSK\u0130 ekipleri taraf\u0131ndan vatanda\u015f parselindeki kald\u0131\u011f\u0131 i\u00e7in meydana gelen ar\u0131zalarda m\u00fcdahalenin zorla\u015fmas\u0131 ve kesinti s\u00fcrelerinin uzamas\u0131 nedeniyle Derebo\u011faz\u0131 Mevkiindeki i\u00e7me suyu \u015febeke hatt\u0131 kamusal alana ta\u015f\u0131n\u0131yor. \u00c7al\u0131\u015fmalar kapsam\u0131nda 400 metre uzunlu\u011fundaki hatt\u0131n 200 metrelik k\u0131sm\u0131n\u0131n deplasesi tamamland\u0131.<br \/>\n<br \/>\u00d6te yandan turizm i\u00e7in \u00f6nemli bir b\u00f6lge olan G\u00f6cek Mahallesi\u2019nde MUSK\u0130 ekipleri taraf\u0131ndan dere temizlik \u00e7al\u0131\u015fmalar\u0131 da devam ediyor. Son \u00fc\u00e7 ay i\u00e7inde Derebo\u011faz\u0131 Mevkiinde 1500 metre, Likya Caddesi\u2019nde 600 metre olmak \u00fczere toplamda 2 bin 100 metre dere temizli\u011fi ger\u00e7ekle\u015ftirildi.<br \/>\n<br \/>&#8220;Vatanda\u015flar\u0131m\u0131z memnun&#8221;<br \/>\n<br \/>Fethiye Belediye Meclis \u00dcyesi Fatih Ugan, yap\u0131lan \u00e7al\u0131\u015fmalardan duyulan memnuniyeti dile getirerek \u015funlar\u0131 s\u00f6yledi: &#8220;B\u00fcy\u00fck\u015fehir ekiplerinin S\u0131r\u0131m Deresi\u2019ni temizledi\u011fini g\u00f6rd\u00fck. Vatanda\u015flar\u0131m\u0131z bu konuda uzun s\u00fcredir taleplerini iletiyordu. Dere temizlenmedi\u011fi zaman ya\u011fmurlarda t\u0131kan\u0131yor, ta\u015fk\u0131nlar ev ve arsalar\u0131 etkiliyordu. \u015eimdi bu sorun ortadan kalkt\u0131. Hem bizler hem vatanda\u015flar\u0131m\u0131z \u00e7ok memnunuz. B\u00fcy\u00fck\u015fehir Belediye Ba\u015fkan\u0131m\u0131z Ahmet Aras\u2019a te\u015fekk\u00fcr ediyoruz.&#8221;<br \/>\n<br \/>&#8220;Sel ve koku \u015fik\u00e2yetlerini \u00f6nledik&#8221;<br \/>\n<br \/>MUSK\u0130 Genel M\u00fcd\u00fcrl\u00fc\u011f\u00fc Fethiye Kanalizasyon ve Ya\u011fmur Suyu Ekipleri Sorumlusu Volkan \u00d6zt\u00fcrk ise yap\u0131lan \u00e7al\u0131\u015fmalar\u0131 \u015f\u00f6yle de\u011ferlendirdi;<br \/>\n<br \/>&#8220;G\u00f6cek Mahallesi Derebo\u011faz\u0131 Mevkisi\u2019nde k\u0131\u015f \u00f6ncesi 1500 metre dere temizli\u011fi ger\u00e7ekle\u015ftirdik. Bu \u00e7al\u0131\u015fma sel bask\u0131nlar\u0131n\u0131 ve su ta\u015fk\u0131nlar\u0131n\u0131 \u00f6nlemek i\u00e7in her y\u0131l d\u00fczenli olarak yap\u0131l\u0131yor. Ayr\u0131ca sinek ve koku \u015fik\u00e2yetlerinin de \u00f6n\u00fcne ge\u00e7tik. \u00c7al\u0131\u015fmalar\u0131m\u0131z\u0131 di\u011fer mahallelerde de periyodik olarak s\u00fcrd\u00fcrece\u011fiz. B\u00fcy\u00fck\u015fehir Belediye Ba\u015fkan\u0131m\u0131z say\u0131n Ahmet Aras\u2019\u0131n \u00e7evre ve do\u011fan\u0131n korunmas\u0131na y\u00f6nelik verdi\u011fi talimatlar do\u011frultusunda kentimizin her noktas\u0131nda bu \u00e7al\u0131\u015fmalar\u0131m\u0131z devam ediyor.&#8221;<br \/>\n<br \/>Yap\u0131lan \u00e7al\u0131\u015fmalarla birlikte, b\u00f6lgedeki i\u00e7me suyu altyap\u0131s\u0131n\u0131n g\u00fcvenli\u011fi art\u0131r\u0131l\u0131rken ya\u011f\u0131\u015fl\u0131 d\u00f6nemlerde ya\u015fanabilecek muhtemel su bask\u0131nlar\u0131n\u0131n \u00f6nlenmesi hedefleniyor.<br \/><\/p>\n","protected":false},"excerpt":{"rendered":"<p>Mu\u011fla B\u00fcy\u00fck\u015fehir Belediyesi MUSK\u0130 ekipleri taraf\u0131ndan Fethiye \u0130l\u00e7esi G\u00f6cek Mahallesi\u2019nde i\u00e7me suyu altyap\u0131s\u0131n\u0131n g\u00fc\u00e7lendirilmesi ve \u00e7evrenin korunmas\u0131 amac\u0131yla hat yenileme ile dere temizlik \u00e7al\u0131\u015fmalar\u0131 yap\u0131l\u0131yor. Mu\u011fla B\u00fcy\u00fck\u015fehir Belediyesi Su ve Kanalizasyon idaresi (MUSK\u0130) Genel M\u00fcd\u00fcrl\u00fc\u011f\u00fc taraf\u0131ndan yap\u0131lan \u00e7al\u0131\u015fmalarla Fethiye \u0130l\u00e7esi G\u00f6cek Mahallesi hem altyap\u0131 yat\u0131r\u0131mlar\u0131 hem de \u00e7evre d\u00fczenlemeleriyle daha sa\u011fl\u0131kl\u0131 ve g\u00fcvenli bir ya\u015fam&#8230;<\/p>\n","protected":false},"author":1,"featured_media":49592,"comment_status":"open","ping_status":"open","sticky":false,"template":"","format":"standard","meta":{"_crdt_document":"","footnotes":""},"categories":[2],"tags":[],"class_list":["post-49591","post","type-post","status-publish","format-standard","has-post-thumbnail","hentry","category-saglik"],"_links":{"self":[{"href":"https:\/\/www.egemtv.com\/index.php?rest_route=\/wp\/v2\/posts\/49591","targetHints":{"allow":["GET"]}}],"collection":[{"href":"https:\/\/www.egemtv.com\/index.php?rest_route=\/wp\/v2\/posts"}],"about":[{"href":"https:\/\/www.egemtv.com\/index.php?rest_route=\/wp\/v2\/types\/post"}],"author":[{"embeddable":true,"href":"https:\/\/www.egemtv.com\/index.php?rest_route=\/wp\/v2\/users\/1"}],"replies":[{"embeddable":true,"href":"https:\/\/www.egemtv.com\/index.php?rest_route=%2Fwp%2Fv2%2Fcomments&post=49591"}],"version-history":[{"count":1,"href":"https:\/\/www.egemtv.com\/index.php?rest_route=\/wp\/v2\/posts\/49591\/revisions"}],"predecessor-version":[{"id":49593,"href":"https:\/\/www.egemtv.com\/index.php?rest_route=\/wp\/v2\/posts\/49591\/revisions\/49593"}],"wp:featuredmedia":[{"embeddable":true,"href":"https:\/\/www.egemtv.com\/index.php?rest_route=\/wp\/v2\/media\/49592"}],"wp:attachment":[{"href":"https:\/\/www.egemtv.com\/index.php?rest_route=%2Fwp%2Fv2%2Fmedia&parent=49591"}],"wp:term":[{"taxonomy":"category","embeddable":true,"href":"https:\/\/www.egemtv.com\/index.php?rest_route=%2Fwp%2Fv2%2Fcategories&post=49591"},{"taxonomy":"post_tag","embeddable":true,"href":"https:\/\/www.egemtv.com\/index.php?rest_route=%2Fwp%2Fv2%2Ftags&post=49591"}],"curies":[{"name":"wp","href":"https:\/\/api.w.org\/{rel}","templated":true}]}}