{"id":49588,"date":"2025-08-18T15:15:18","date_gmt":"2025-08-18T12:15:18","guid":{"rendered":"https:\/\/www.egemtv.com\/?p=49588"},"modified":"2025-08-18T15:15:19","modified_gmt":"2025-08-18T12:15:19","slug":"baskan-balaban-karakoyde-esnaf-ziyareti-yapti","status":"publish","type":"post","link":"https:\/\/www.egemtv.com\/?p=49588","title":{"rendered":"Ba\u015fkan Balaban, Karak\u00f6y\u2019de esnaf ziyareti yapt\u0131"},"content":{"rendered":"<p>Yunusemre Belediye Ba\u015fkan\u0131 Semih Balaban, Karak\u00f6y\u2019de yapt\u0131\u011f\u0131 esnaf ziyaretinde vatanda\u015flar\u0131n sorunlar\u0131n\u0131 dinleyerek, \u00e7\u00f6z\u00fcm i\u00e7in \u00e7al\u0131\u015facaklar\u0131n\u0131 belirtti.<br \/>\n<br \/>Yunusemre Belediye Ba\u015fkan\u0131 Semih Balaban, il\u00e7edeki vatanda\u015flarla birebir temaslar\u0131n\u0131 s\u00fcrd\u00fcr\u00fcyor. Bu kapsamda Karak\u00f6y semtini ziyaret eden Ba\u015fkan Balaban, esnafla bir araya gelerek onlar\u0131n talep ve \u00f6nerilerini dinledi. Ziyaret s\u0131ras\u0131nda Ba\u015fkan Balaban\u2019a, Cumhuriyet Halk Partisi (CHP) Yunusemre \u0130l\u00e7e Ba\u015fkan\u0131 Mehmet Arslan, belediye ba\u015fkan yard\u0131mc\u0131lar\u0131, mahalle muhtarlar\u0131 ve partililer e\u015flik etti. Ziyaret boyunca cadde \u00fczerindeki esnaflar\u0131 da tek tek gezen Ba\u015fkan Balaban, hem belediye hizmetleriyle ilgili beklentileri not ald\u0131 hem de esnaf\u0131n ekonomik durumuna ili\u015fkin g\u00f6r\u00fc\u015f al\u0131\u015fveri\u015finde bulundu. Vatanda\u015flar\u0131n g\u00fcnl\u00fck ya\u015fant\u0131s\u0131nda kar\u015f\u0131la\u015ft\u0131\u011f\u0131 sorunlar\u0131 do\u011frudan dinlemenin, \u00e7\u00f6z\u00fcm \u00fcretme noktas\u0131nda \u00f6nemli oldu\u011funu vurgulayan Balaban, belediyecilik anlay\u0131\u015flar\u0131n\u0131n halkla i\u00e7 i\u00e7e olmay\u0131 esas ald\u0131\u011f\u0131n\u0131 belirtti.<br \/>\n<br \/>Ba\u015fkan Balaban, yapt\u0131\u011f\u0131 a\u00e7\u0131klamada, &#8220;G\u00f6reve geldi\u011fimiz ilk g\u00fcnden itibaren halk\u0131m\u0131z\u0131n dertlerini yerinde dinleyip \u00e7\u00f6z\u00fcm \u00fcretmek i\u00e7in sahaday\u0131z. Karak\u00f6y\u2019de vatanda\u015flar\u0131m\u0131z\u0131n ve esnaf\u0131m\u0131z\u0131n g\u00f6sterdi\u011fi ilgi ve sevgi bizleri \u00e7ok mutlu etti. T\u00fcm talepleri ve sorunlar\u0131 not ald\u0131k. Bu sorunlar\u0131n \u00e7\u00f6z\u00fcm\u00fc i\u00e7in Manisa B\u00fcy\u00fck\u015fehir Belediyesi ile koordineli \u015fekilde \u00e7al\u0131\u015faca\u011f\u0131z. Belediyemizin imkan ve yetkileri do\u011frultusunda halk\u0131m\u0131z i\u00e7in \u00e7al\u0131\u015fmaya devam edece\u011fiz&#8221; diye konu\u015ftu.<br \/><\/p>\n","protected":false},"excerpt":{"rendered":"<p>Yunusemre Belediye Ba\u015fkan\u0131 Semih Balaban, Karak\u00f6y\u2019de yapt\u0131\u011f\u0131 esnaf ziyaretinde vatanda\u015flar\u0131n sorunlar\u0131n\u0131 dinleyerek, \u00e7\u00f6z\u00fcm i\u00e7in \u00e7al\u0131\u015facaklar\u0131n\u0131 belirtti. Yunusemre Belediye Ba\u015fkan\u0131 Semih Balaban, il\u00e7edeki vatanda\u015flarla birebir temaslar\u0131n\u0131 s\u00fcrd\u00fcr\u00fcyor. Bu kapsamda Karak\u00f6y semtini ziyaret eden Ba\u015fkan Balaban, esnafla bir araya gelerek onlar\u0131n talep ve \u00f6nerilerini dinledi. Ziyaret s\u0131ras\u0131nda Ba\u015fkan Balaban\u2019a, Cumhuriyet Halk Partisi (CHP) Yunusemre \u0130l\u00e7e Ba\u015fkan\u0131 Mehmet&#8230;<\/p>\n","protected":false},"author":1,"featured_media":49589,"comment_status":"open","ping_status":"open","sticky":false,"template":"","format":"standard","meta":{"_crdt_document":"","footnotes":""},"categories":[123],"tags":[],"class_list":["post-49588","post","type-post","status-publish","format-standard","has-post-thumbnail","hentry","category-gundem"],"_links":{"self":[{"href":"https:\/\/www.egemtv.com\/index.php?rest_route=\/wp\/v2\/posts\/49588","targetHints":{"allow":["GET"]}}],"collection":[{"href":"https:\/\/www.egemtv.com\/index.php?rest_route=\/wp\/v2\/posts"}],"about":[{"href":"https:\/\/www.egemtv.com\/index.php?rest_route=\/wp\/v2\/types\/post"}],"author":[{"embeddable":true,"href":"https:\/\/www.egemtv.com\/index.php?rest_route=\/wp\/v2\/users\/1"}],"replies":[{"embeddable":true,"href":"https:\/\/www.egemtv.com\/index.php?rest_route=%2Fwp%2Fv2%2Fcomments&post=49588"}],"version-history":[{"count":1,"href":"https:\/\/www.egemtv.com\/index.php?rest_route=\/wp\/v2\/posts\/49588\/revisions"}],"predecessor-version":[{"id":49590,"href":"https:\/\/www.egemtv.com\/index.php?rest_route=\/wp\/v2\/posts\/49588\/revisions\/49590"}],"wp:featuredmedia":[{"embeddable":true,"href":"https:\/\/www.egemtv.com\/index.php?rest_route=\/wp\/v2\/media\/49589"}],"wp:attachment":[{"href":"https:\/\/www.egemtv.com\/index.php?rest_route=%2Fwp%2Fv2%2Fmedia&parent=49588"}],"wp:term":[{"taxonomy":"category","embeddable":true,"href":"https:\/\/www.egemtv.com\/index.php?rest_route=%2Fwp%2Fv2%2Fcategories&post=49588"},{"taxonomy":"post_tag","embeddable":true,"href":"https:\/\/www.egemtv.com\/index.php?rest_route=%2Fwp%2Fv2%2Ftags&post=49588"}],"curies":[{"name":"wp","href":"https:\/\/api.w.org\/{rel}","templated":true}]}}