{"id":49585,"date":"2025-08-18T15:15:15","date_gmt":"2025-08-18T12:15:15","guid":{"rendered":"https:\/\/www.egemtv.com\/?p=49585"},"modified":"2025-08-18T15:15:17","modified_gmt":"2025-08-18T12:15:17","slug":"iki-otomobilin-dahil-oldugu-trafik-kazasinda-2-kisi-yaralandi","status":"publish","type":"post","link":"https:\/\/www.egemtv.com\/?p=49585","title":{"rendered":"\u0130ki otomobilin dahil oldu\u011fu trafik kazas\u0131nda 2 ki\u015fi yaraland\u0131"},"content":{"rendered":"<p>Afyonkarahisar\u2019da iki otomobilin \u00e7arp\u0131\u015fmas\u0131 sonucu meydana gelen trafik kazas\u0131nda 2 ki\u015fi yaraland\u0131.<br \/>\n<br \/>Olay, Bolvadin-Emirda\u011f karayolu Harlak Kav\u015fa\u011f\u0131\u2019nda meydana geldi. Edinilen bilgilere g\u00f6re, H.S.A. idaresindeki 34 SM 0355 plakal\u0131 otomobil, Bolvadin-Emirda\u011f karayolunda seyir halindeyken, Harlak Kav\u015fa\u011f\u0131\u2019ndan kontrols\u00fcz bir \u015fekilde yola \u00e7\u0131kan C.\u00d6. idaresindeki 11 DD 071 plakal\u0131 otomobile \u00e7arpt\u0131. Kazada, 34 SM 0355 plakal\u0131 otomobilin s\u00fcr\u00fcc\u00fcs\u00fc H.S.A. ile 11 DD 071 plakal\u0131 otomobilin s\u00fcr\u00fcc\u00fcs\u00fc C.\u00d6. yaraland\u0131. \u0130hbar \u00fczerine olay yerine sa\u011fl\u0131k ve jandarma ekipleri sevk edildi. Yaral\u0131lar, ambulansla Bolvadin Devlet Hastanesi\u2019ne kald\u0131r\u0131ld\u0131. Yaral\u0131lar\u0131n hayati tehlikelerinin bulunmad\u0131\u011f\u0131 \u00f6\u011frenildi.<br \/>\n<br \/>Olayla ilgili jandarma ekipleri soru\u015fturma ba\u015flatt\u0131.<br \/><\/p>\n","protected":false},"excerpt":{"rendered":"<p>Afyonkarahisar\u2019da iki otomobilin \u00e7arp\u0131\u015fmas\u0131 sonucu meydana gelen trafik kazas\u0131nda 2 ki\u015fi yaraland\u0131. Olay, Bolvadin-Emirda\u011f karayolu Harlak Kav\u015fa\u011f\u0131\u2019nda meydana geldi. Edinilen bilgilere g\u00f6re, H.S.A. idaresindeki 34 SM 0355 plakal\u0131 otomobil, Bolvadin-Emirda\u011f karayolunda seyir halindeyken, Harlak Kav\u015fa\u011f\u0131\u2019ndan kontrols\u00fcz bir \u015fekilde yola \u00e7\u0131kan C.\u00d6. idaresindeki 11 DD 071 plakal\u0131 otomobile \u00e7arpt\u0131. Kazada, 34 SM 0355 plakal\u0131 otomobilin s\u00fcr\u00fcc\u00fcs\u00fc&#8230;<\/p>\n","protected":false},"author":1,"featured_media":49586,"comment_status":"open","ping_status":"open","sticky":false,"template":"","format":"standard","meta":{"_crdt_document":"","footnotes":""},"categories":[5],"tags":[],"class_list":["post-49585","post","type-post","status-publish","format-standard","has-post-thumbnail","hentry","category-asayis"],"_links":{"self":[{"href":"https:\/\/www.egemtv.com\/index.php?rest_route=\/wp\/v2\/posts\/49585","targetHints":{"allow":["GET"]}}],"collection":[{"href":"https:\/\/www.egemtv.com\/index.php?rest_route=\/wp\/v2\/posts"}],"about":[{"href":"https:\/\/www.egemtv.com\/index.php?rest_route=\/wp\/v2\/types\/post"}],"author":[{"embeddable":true,"href":"https:\/\/www.egemtv.com\/index.php?rest_route=\/wp\/v2\/users\/1"}],"replies":[{"embeddable":true,"href":"https:\/\/www.egemtv.com\/index.php?rest_route=%2Fwp%2Fv2%2Fcomments&post=49585"}],"version-history":[{"count":1,"href":"https:\/\/www.egemtv.com\/index.php?rest_route=\/wp\/v2\/posts\/49585\/revisions"}],"predecessor-version":[{"id":49587,"href":"https:\/\/www.egemtv.com\/index.php?rest_route=\/wp\/v2\/posts\/49585\/revisions\/49587"}],"wp:featuredmedia":[{"embeddable":true,"href":"https:\/\/www.egemtv.com\/index.php?rest_route=\/wp\/v2\/media\/49586"}],"wp:attachment":[{"href":"https:\/\/www.egemtv.com\/index.php?rest_route=%2Fwp%2Fv2%2Fmedia&parent=49585"}],"wp:term":[{"taxonomy":"category","embeddable":true,"href":"https:\/\/www.egemtv.com\/index.php?rest_route=%2Fwp%2Fv2%2Fcategories&post=49585"},{"taxonomy":"post_tag","embeddable":true,"href":"https:\/\/www.egemtv.com\/index.php?rest_route=%2Fwp%2Fv2%2Ftags&post=49585"}],"curies":[{"name":"wp","href":"https:\/\/api.w.org\/{rel}","templated":true}]}}