{"id":49582,"date":"2025-08-18T15:15:12","date_gmt":"2025-08-18T12:15:12","guid":{"rendered":"https:\/\/www.egemtv.com\/?p=49582"},"modified":"2025-08-18T15:15:15","modified_gmt":"2025-08-18T12:15:15","slug":"buyuksehir-okculari-konyada-hedefleri-12den-vurdu","status":"publish","type":"post","link":"https:\/\/www.egemtv.com\/?p=49582","title":{"rendered":"B\u00fcy\u00fck\u015fehir Ok\u00e7ular\u0131 Konya\u2019da hedefleri 12\u2019den vurdu"},"content":{"rendered":"<p>Konya\u2019da d\u00fczenlenen iller aras\u0131 ok\u00e7uluk m\u00fcsabakalar\u0131nda Mu\u011fla B\u00fcy\u00fck\u015fehir Belediyesi Spor Kul\u00fcb\u00fc sporcular\u0131 5 bireysel madalya ve bir tak\u0131m \u015fampiyonlu\u011fu kazanarak b\u00fcy\u00fck ba\u015far\u0131ya imza att\u0131.<br \/>\n<br \/>15-17 A\u011fustos tarihleri aras\u0131nda Konya\u2019da d\u00fczenlenen iller aras\u0131 ok\u00e7uluk m\u00fcsabakalar\u0131 yap\u0131lan bireysel at\u0131\u015flarla sona erdi. Yar\u0131\u015fmalara 10 sporcu ile kat\u0131lan Mu\u011fla B\u00fcy\u00fck\u015fehir Belediyesi Spor Kul\u00fcb\u00fc, \u00f6nemli dereceler elde ederek organizasyonu ba\u015far\u0131yla tamamlad\u0131.<br \/>\n<br \/>B\u00fcy\u00fck\u015fehir sporcular\u0131 k\u00fcrs\u00fcn\u00fcn \u00fc\u00e7 basama\u011f\u0131n\u0131 da doldurdu<br \/>\n<br \/>U15 kategorisinde tak\u0131m halinde piste \u00e7\u0131kan Nilsu Akp\u0131nar, Ecrin \u0130lhan ve Meleknur K\u00fc\u00e7\u00fck \u015fampiyonluk kupas\u0131n\u0131 Mu\u011fla\u2019ya kazand\u0131rd\u0131. Ayn\u0131 kategoride bireysel yar\u0131\u015flarda ise B\u00fcy\u00fck\u015fehir Belediyesi Spor Kul\u00fcb\u00fc sporcular\u0131 k\u00fcrs\u00fcn\u00fcn \u00fc\u00e7 basama\u011f\u0131n\u0131 da doldurdu. Nilsu Akp\u0131nar birinci, Z\u00fcmra Dila Oral ikinci, Ecrin \u0130lhan ise \u00fc\u00e7\u00fcnc\u00fc oldu.<br \/>\n<br \/>5 bireysel madalya ve 1 tak\u0131m \u015fampiyonlu\u011fu<br \/>\n<br \/>B\u00fcy\u00fckler kategorisinde ise Ecesu Demircan birincilik, Song\u00fcl L\u00f6k ise ikincilik elde ederek Mu\u011fla\u2019n\u0131n ba\u015far\u0131lar\u0131na katk\u0131 sa\u011flad\u0131. M\u00fcsabakalar\u0131 toplamda 5 bireysel madalya ve 1 tak\u0131m \u015fampiyonlu\u011fu ile tamamlayan Mu\u011fla B\u00fcy\u00fck\u015fehir Belediyesi Spor Kul\u00fcb\u00fc, ok\u00e7uluk bran\u015f\u0131ndaki istikrarl\u0131 y\u00fckseli\u015fini s\u00fcrd\u00fcrd\u00fc.<br \/>\n<br \/>Ba\u015fkan Aras: &#8220;Spora ve sporcular\u0131m\u0131za her zaman destek olmay\u0131 s\u00fcrd\u00fcr\u00fcyoruz&#8221;<br \/>\n<br \/>K\u0131y\u0131 Ege Belediyeler Birli\u011fi ve Mu\u011fla B\u00fcy\u00fck\u015fehir Belediye Ba\u015fkan\u0131 Ahmet Aras, sporcular\u0131n elde etti\u011fi ba\u015far\u0131dan b\u00fcy\u00fck gurur duyduklar\u0131n\u0131 belirterek, &#8220;Mu\u011fla B\u00fcy\u00fck\u015fehir Belediyesi olarak spora ve sporcular\u0131m\u0131za her zaman destek olmay\u0131 s\u00fcrd\u00fcr\u00fcyoruz. Gen\u00e7lerimizin farkl\u0131 bran\u015flarda yeti\u015fmesi, ulusal ve uluslararas\u0131 arenada ba\u015far\u0131lar elde etmesi bizim i\u00e7in b\u00fcy\u00fck mutluluk. T\u00fcm spor dallar\u0131nda altyap\u0131ya ve gen\u00e7lerimizin geli\u015fimine katk\u0131 sa\u011fl\u0131yoruz. Yak\u0131n zamanda a\u00e7\u0131l\u0131\u015f\u0131n\u0131 yapt\u0131\u011f\u0131m\u0131z Yata\u011fan \u00c7im Hokeyi Antrenman Saham\u0131z bunlardan sadece biridir. Bu ba\u015far\u0131lar da eme\u011fin, inanc\u0131n ve disiplinin bir kar\u015f\u0131l\u0131\u011f\u0131d\u0131r. Sporcular\u0131m\u0131z\u0131 ve antren\u00f6rlerimizi y\u00fcrekten kutluyor, antren\u00f6r\u00fcm\u00fcz Ejder S\u00f6zen\u2019i de tebrik ediyor, ba\u015far\u0131lar\u0131n\u0131n devam\u0131n\u0131 diliyorum&#8221; dedi.<br \/><\/p>\n","protected":false},"excerpt":{"rendered":"<p>Konya\u2019da d\u00fczenlenen iller aras\u0131 ok\u00e7uluk m\u00fcsabakalar\u0131nda Mu\u011fla B\u00fcy\u00fck\u015fehir Belediyesi Spor Kul\u00fcb\u00fc sporcular\u0131 5 bireysel madalya ve bir tak\u0131m \u015fampiyonlu\u011fu kazanarak b\u00fcy\u00fck ba\u015far\u0131ya imza att\u0131. 15-17 A\u011fustos tarihleri aras\u0131nda Konya\u2019da d\u00fczenlenen iller aras\u0131 ok\u00e7uluk m\u00fcsabakalar\u0131 yap\u0131lan bireysel at\u0131\u015flarla sona erdi. Yar\u0131\u015fmalara 10 sporcu ile kat\u0131lan Mu\u011fla B\u00fcy\u00fck\u015fehir Belediyesi Spor Kul\u00fcb\u00fc, \u00f6nemli dereceler elde ederek organizasyonu ba\u015far\u0131yla&#8230;<\/p>\n","protected":false},"author":1,"featured_media":49583,"comment_status":"open","ping_status":"open","sticky":false,"template":"","format":"standard","meta":{"_crdt_document":"","footnotes":""},"categories":[4],"tags":[],"class_list":["post-49582","post","type-post","status-publish","format-standard","has-post-thumbnail","hentry","category-spor"],"_links":{"self":[{"href":"https:\/\/www.egemtv.com\/index.php?rest_route=\/wp\/v2\/posts\/49582","targetHints":{"allow":["GET"]}}],"collection":[{"href":"https:\/\/www.egemtv.com\/index.php?rest_route=\/wp\/v2\/posts"}],"about":[{"href":"https:\/\/www.egemtv.com\/index.php?rest_route=\/wp\/v2\/types\/post"}],"author":[{"embeddable":true,"href":"https:\/\/www.egemtv.com\/index.php?rest_route=\/wp\/v2\/users\/1"}],"replies":[{"embeddable":true,"href":"https:\/\/www.egemtv.com\/index.php?rest_route=%2Fwp%2Fv2%2Fcomments&post=49582"}],"version-history":[{"count":1,"href":"https:\/\/www.egemtv.com\/index.php?rest_route=\/wp\/v2\/posts\/49582\/revisions"}],"predecessor-version":[{"id":49584,"href":"https:\/\/www.egemtv.com\/index.php?rest_route=\/wp\/v2\/posts\/49582\/revisions\/49584"}],"wp:featuredmedia":[{"embeddable":true,"href":"https:\/\/www.egemtv.com\/index.php?rest_route=\/wp\/v2\/media\/49583"}],"wp:attachment":[{"href":"https:\/\/www.egemtv.com\/index.php?rest_route=%2Fwp%2Fv2%2Fmedia&parent=49582"}],"wp:term":[{"taxonomy":"category","embeddable":true,"href":"https:\/\/www.egemtv.com\/index.php?rest_route=%2Fwp%2Fv2%2Fcategories&post=49582"},{"taxonomy":"post_tag","embeddable":true,"href":"https:\/\/www.egemtv.com\/index.php?rest_route=%2Fwp%2Fv2%2Ftags&post=49582"}],"curies":[{"name":"wp","href":"https:\/\/api.w.org\/{rel}","templated":true}]}}