{"id":49579,"date":"2025-08-18T14:54:53","date_gmt":"2025-08-18T11:54:53","guid":{"rendered":"https:\/\/www.egemtv.com\/?p=49579"},"modified":"2025-08-18T14:54:54","modified_gmt":"2025-08-18T11:54:54","slug":"asirlik-gelenek-icin-cobanlar-harekete-gecti","status":"publish","type":"post","link":"https:\/\/www.egemtv.com\/?p=49579","title":{"rendered":"As\u0131rl\u0131k gelenek i\u00e7in \u00e7obanlar harekete ge\u00e7ti"},"content":{"rendered":"<p>Denizli\u2019nin \u00c7al il\u00e7esinde \u015fap hastal\u0131\u011f\u0131 nedeniyle ertelenen \u00c7al A\u015fa\u011f\u0131seyit Sudan Koyun Atlatma Festivali i\u00e7in toplant\u0131 ger\u00e7ekle\u015ftirildi. Toplant\u0131da kat\u0131lan \u0130l Tar\u0131m ve Orman M\u00fcd\u00fcr Yard\u0131mc\u0131s\u0131 Mehmet Atmacao\u011flu, &#8220;Festivalin 15 Eyl\u00fcl-15 Ekim tarihleri aras\u0131nda d\u00fczenlenmesi i\u00e7in \u00e7al\u0131\u015fma y\u00fcr\u00fct\u00fclecek&#8221; dedi.<\/p>\n<p>Denizli\u2019nin \u00c7al il\u00e7esi A\u015fa\u011f\u0131seyit Mahallesi\u2019nde bu y\u0131l \u015fap hastal\u0131\u011f\u0131 nedeniyle iptal edilen geleneksel Sudan Koyun Atlatma Festivali i\u00e7in toplant\u0131 ger\u00e7ekle\u015ftirildi. Toplant\u0131ya kat\u0131lan \u0130l Tar\u0131m ve Orman M\u00fcd\u00fcr Yard\u0131mc\u0131s\u0131 Mehmet Atmacao\u011flu, \u015fap hastal\u0131\u011f\u0131n\u0131n seyri ve s\u00fcre\u00e7 hakk\u0131nda bilgi verdi. Al\u0131nan karara g\u00f6re, hastal\u0131\u011f\u0131n gidi\u015fat\u0131na ba\u011fl\u0131 olarak eyl\u00fcl ay\u0131n\u0131n ilk haftas\u0131nda yeniden de\u011ferlendirme yap\u0131lacak. Festivalin ise 15 Eyl\u00fcl &#8211; 15 Ekim tarihleri aras\u0131nda d\u00fczenlenmesi i\u00e7in \u00e7al\u0131\u015fma y\u00fcr\u00fct\u00fclecek. Etkinli\u011fin temsili veya kesin tarih \u00f6n\u00fcm\u00fczdeki g\u00fcnlerde belirlenece\u011fi \u00f6\u011frenildi.<\/p>\n<p>\u00d6te yandan, b\u00fcy\u00fck Menderes\u2019e nas\u0131l \u00f6nlemler al\u0131naca\u011f\u0131 b\u00fcy\u00fck merak konusu olurken etkinli\u011fin yap\u0131labilmesi i\u00e7in susuzlu\u011fa nas\u0131l \u00e7\u00f6z\u00fcm \u00fcretilece\u011fi belirsizli\u011fini koruyor.<br \/><\/p>\n","protected":false},"excerpt":{"rendered":"<p>Denizli\u2019nin \u00c7al il\u00e7esinde \u015fap hastal\u0131\u011f\u0131 nedeniyle ertelenen \u00c7al A\u015fa\u011f\u0131seyit Sudan Koyun Atlatma Festivali i\u00e7in toplant\u0131 ger\u00e7ekle\u015ftirildi. Toplant\u0131da kat\u0131lan \u0130l Tar\u0131m ve Orman M\u00fcd\u00fcr Yard\u0131mc\u0131s\u0131 Mehmet Atmacao\u011flu, &#8220;Festivalin 15 Eyl\u00fcl-15 Ekim tarihleri aras\u0131nda d\u00fczenlenmesi i\u00e7in \u00e7al\u0131\u015fma y\u00fcr\u00fct\u00fclecek&#8221; dedi. Denizli\u2019nin \u00c7al il\u00e7esi A\u015fa\u011f\u0131seyit Mahallesi\u2019nde bu y\u0131l \u015fap hastal\u0131\u011f\u0131 nedeniyle iptal edilen geleneksel Sudan Koyun Atlatma Festivali i\u00e7in&#8230;<\/p>\n","protected":false},"author":1,"featured_media":49580,"comment_status":"open","ping_status":"open","sticky":false,"template":"","format":"standard","meta":{"_crdt_document":"","footnotes":""},"categories":[1],"tags":[],"class_list":["post-49579","post","type-post","status-publish","format-standard","has-post-thumbnail","hentry","category-guncel"],"_links":{"self":[{"href":"https:\/\/www.egemtv.com\/index.php?rest_route=\/wp\/v2\/posts\/49579","targetHints":{"allow":["GET"]}}],"collection":[{"href":"https:\/\/www.egemtv.com\/index.php?rest_route=\/wp\/v2\/posts"}],"about":[{"href":"https:\/\/www.egemtv.com\/index.php?rest_route=\/wp\/v2\/types\/post"}],"author":[{"embeddable":true,"href":"https:\/\/www.egemtv.com\/index.php?rest_route=\/wp\/v2\/users\/1"}],"replies":[{"embeddable":true,"href":"https:\/\/www.egemtv.com\/index.php?rest_route=%2Fwp%2Fv2%2Fcomments&post=49579"}],"version-history":[{"count":1,"href":"https:\/\/www.egemtv.com\/index.php?rest_route=\/wp\/v2\/posts\/49579\/revisions"}],"predecessor-version":[{"id":49581,"href":"https:\/\/www.egemtv.com\/index.php?rest_route=\/wp\/v2\/posts\/49579\/revisions\/49581"}],"wp:featuredmedia":[{"embeddable":true,"href":"https:\/\/www.egemtv.com\/index.php?rest_route=\/wp\/v2\/media\/49580"}],"wp:attachment":[{"href":"https:\/\/www.egemtv.com\/index.php?rest_route=%2Fwp%2Fv2%2Fmedia&parent=49579"}],"wp:term":[{"taxonomy":"category","embeddable":true,"href":"https:\/\/www.egemtv.com\/index.php?rest_route=%2Fwp%2Fv2%2Fcategories&post=49579"},{"taxonomy":"post_tag","embeddable":true,"href":"https:\/\/www.egemtv.com\/index.php?rest_route=%2Fwp%2Fv2%2Ftags&post=49579"}],"curies":[{"name":"wp","href":"https:\/\/api.w.org\/{rel}","templated":true}]}}