{"id":49576,"date":"2025-08-18T14:54:53","date_gmt":"2025-08-18T11:54:53","guid":{"rendered":"https:\/\/www.egemtv.com\/?p=49576"},"modified":"2025-08-18T14:54:53","modified_gmt":"2025-08-18T11:54:53","slug":"buyuksehir-itfaiyesine-72-yeni-arac-geliyor","status":"publish","type":"post","link":"https:\/\/www.egemtv.com\/?p=49576","title":{"rendered":"B\u00fcy\u00fck\u015fehir \u0130tfaiyesi\u2019ne 72 yeni ara\u00e7 geliyor"},"content":{"rendered":"<p>Mu\u011fla B\u00fcy\u00fck\u015fehir Belediyesi; Avrupa Konseyi Kalk\u0131nma Bankas\u0131 (CEB) taraf\u0131ndan finanse edilerek \u0130ller Bankas\u0131 koordinesinde y\u00fcr\u00fct\u00fclen Belediyelerin Do\u011fal Afetlere Kar\u015f\u0131 Dayan\u0131kl\u0131l\u0131\u011f\u0131n\u0131n G\u00fc\u00e7lendirilmesi Projesi ile itfaiye filosunu yeniliyor. B\u00fcy\u00fck\u015fehir Belediyesi Avrupa Konseyi Kalk\u0131nma Bankas\u0131ndan sa\u011flanan 18 Milyon Euro kredi ile 64, kendi \u00f6z kaynaklar\u0131 ile de 8 itfaiye arac\u0131 alarak ara\u00e7 filosuna yeni 72 ara\u00e7 kazand\u0131racak.<br \/>\n<br \/>18 Milyon Euro kredi sa\u011fland\u0131<br \/>\n<br \/>D\u00fcnya\u2019n\u0131n ve T\u00fcrkiye\u2019nin en g\u00f6zde \u015fehirlerinden biri olan Mu\u011fla\u2019da, B\u00fcy\u00fck\u015fehir Belediyesi vatanda\u015flara daha kaliteli hizmet vermek ve Mu\u011fla\u2019y\u0131 korumak i\u00e7in b\u00fcy\u00fck bir yat\u0131r\u0131m\u0131 daha hayata ge\u00e7iriyor. Mu\u011fla B\u00fcy\u00fck\u015fehir Belediyesi, Avrupa Konseyi Kalk\u0131nma Bankas\u0131 (CEB) taraf\u0131ndan finanse edilen, \u0130ller Bankas\u0131 koordinesinde y\u00fcr\u00fct\u00fclen; Belediyelerin Do\u011fal Afetlere Kar\u015f\u0131 Dayan\u0131kl\u0131l\u0131\u011f\u0131n\u0131n G\u00fc\u00e7lendirilmesi Projesinden 18 Milyon Euro kredi alarak itfaiye ara\u00e7 filosunun b\u00fcy\u00fck bir b\u00f6l\u00fcm\u00fcn\u00fc yeniliyor. Sa\u011flanan kredi ile 64, kendi \u00f6z kaynaklar\u0131 ile de 8 ara\u00e7 alacak olan B\u00fcy\u00fck\u015fehir Belediyesi toplam 72 arac\u0131 itfaiye te\u015fkilat\u0131na kazand\u0131racak. B\u00f6ylece, itfaiye te\u015fkilat\u0131 envanterinde yer alan model y\u0131l\u0131 eski 53 adet farkl\u0131 \u00f6zelliklerdeki ara\u00e7 envanterden \u00e7\u0131kar\u0131larak bak\u0131m-onar\u0131m, akaryak\u0131t ve sigorta gibi i\u015fletme maliyetlerinden tasarruf sa\u011flanacak.<br \/>\n<br \/>Ba\u015fkan Aras; &#8220;\u0130tfaiye te\u015fkilat\u0131m\u0131z yeni ara\u00e7lar\u0131m\u0131zla daha da g\u00fc\u00e7lenecek&#8221;<br \/>\n<br \/>K\u0131y\u0131 Ege Belediyeler Birli\u011fi ve Mu\u011fla B\u00fcy\u00fck\u015fehir Belediye Ba\u015fkan\u0131 Ahmet Aras, itfaiye te\u015fkilat\u0131n\u0131n bir \u015fehrin can ve mal g\u00fcvenli\u011fi i\u00e7in en \u00f6nemli \u00f6nc\u00fc kuvvet oldu\u011funu s\u00f6yledi ve il genelinde hizmet eden itfaiye filosunun yeni ara\u00e7larla daha da kuvvetlenece\u011fini belirtti.<br \/>\n<br \/>Ba\u015fkan Aras; &#8220;Vatanda\u015flar\u0131m\u0131z\u0131n huzurlu ve mutlu bir \u015fehirde ya\u015famas\u0131, ya\u015fad\u0131\u011f\u0131m\u0131z kenti koruyarak gelece\u011fe ta\u015f\u0131mak i\u00e7in var g\u00fcc\u00fcm\u00fczle \u00e7al\u0131\u015f\u0131yoruz. Hem\u015fehrilerimizin can ve mal g\u00fcvenli\u011fi i\u00e7in mesai mefhumu g\u00f6zetmeden g\u00f6rev yapan, orman yang\u0131nlar\u0131nda birincil sorumlulu\u011fu olmamas\u0131na ra\u011fmen en \u00f6n saflarda m\u00fccadele eden itfaiye te\u015fkilat\u0131m\u0131z\u0131 yeni ara\u00e7larla g\u00fc\u00e7lendiriyoruz. Mu\u011flam\u0131z i\u00e7in \u2018Do\u011fal Afetlere Kar\u015f\u0131 Dayan\u0131kl\u0131l\u0131\u011f\u0131n G\u00fc\u00e7lendirilmesi Projesi\u2019 kapsam\u0131nda uygun \u015fartlarda 18 milyon Euro kredi sa\u011flad\u0131k. Bu kredi ve \u00f6z kaynaklar\u0131m\u0131zla toplam 72 yeni itfaiye arac\u0131 al\u0131yoruz. B\u00f6ylece itfaiyemizin ara\u00e7 envanterinin b\u00fcy\u00fck bir k\u0131sm\u0131n\u0131 yenilemi\u015f oluyoruz. Modern ve g\u00fc\u00e7l\u00fc ekipmanlar\u0131m\u0131z ile uzman personelimizle hem\u015fehrilerimizin can ve mal g\u00fcvenli\u011fi bize emanettir&#8221; dedi.<br \/><\/p>\n","protected":false},"excerpt":{"rendered":"<p>Mu\u011fla B\u00fcy\u00fck\u015fehir Belediyesi; Avrupa Konseyi Kalk\u0131nma Bankas\u0131 (CEB) taraf\u0131ndan finanse edilerek \u0130ller Bankas\u0131 koordinesinde y\u00fcr\u00fct\u00fclen Belediyelerin Do\u011fal Afetlere Kar\u015f\u0131 Dayan\u0131kl\u0131l\u0131\u011f\u0131n\u0131n G\u00fc\u00e7lendirilmesi Projesi ile itfaiye filosunu yeniliyor. B\u00fcy\u00fck\u015fehir Belediyesi Avrupa Konseyi Kalk\u0131nma Bankas\u0131ndan sa\u011flanan 18 Milyon Euro kredi ile 64, kendi \u00f6z kaynaklar\u0131 ile de 8 itfaiye arac\u0131 alarak ara\u00e7 filosuna yeni 72 ara\u00e7 kazand\u0131racak. 18&#8230;<\/p>\n","protected":false},"author":1,"featured_media":49577,"comment_status":"open","ping_status":"open","sticky":false,"template":"","format":"standard","meta":{"_crdt_document":"","footnotes":""},"categories":[125],"tags":[],"class_list":["post-49576","post","type-post","status-publish","format-standard","has-post-thumbnail","hentry","category-ekonomi"],"_links":{"self":[{"href":"https:\/\/www.egemtv.com\/index.php?rest_route=\/wp\/v2\/posts\/49576","targetHints":{"allow":["GET"]}}],"collection":[{"href":"https:\/\/www.egemtv.com\/index.php?rest_route=\/wp\/v2\/posts"}],"about":[{"href":"https:\/\/www.egemtv.com\/index.php?rest_route=\/wp\/v2\/types\/post"}],"author":[{"embeddable":true,"href":"https:\/\/www.egemtv.com\/index.php?rest_route=\/wp\/v2\/users\/1"}],"replies":[{"embeddable":true,"href":"https:\/\/www.egemtv.com\/index.php?rest_route=%2Fwp%2Fv2%2Fcomments&post=49576"}],"version-history":[{"count":1,"href":"https:\/\/www.egemtv.com\/index.php?rest_route=\/wp\/v2\/posts\/49576\/revisions"}],"predecessor-version":[{"id":49578,"href":"https:\/\/www.egemtv.com\/index.php?rest_route=\/wp\/v2\/posts\/49576\/revisions\/49578"}],"wp:featuredmedia":[{"embeddable":true,"href":"https:\/\/www.egemtv.com\/index.php?rest_route=\/wp\/v2\/media\/49577"}],"wp:attachment":[{"href":"https:\/\/www.egemtv.com\/index.php?rest_route=%2Fwp%2Fv2%2Fmedia&parent=49576"}],"wp:term":[{"taxonomy":"category","embeddable":true,"href":"https:\/\/www.egemtv.com\/index.php?rest_route=%2Fwp%2Fv2%2Fcategories&post=49576"},{"taxonomy":"post_tag","embeddable":true,"href":"https:\/\/www.egemtv.com\/index.php?rest_route=%2Fwp%2Fv2%2Ftags&post=49576"}],"curies":[{"name":"wp","href":"https:\/\/api.w.org\/{rel}","templated":true}]}}