{"id":49573,"date":"2025-08-18T14:54:52","date_gmt":"2025-08-18T11:54:52","guid":{"rendered":"https:\/\/www.egemtv.com\/?p=49573"},"modified":"2025-08-18T14:54:53","modified_gmt":"2025-08-18T11:54:53","slug":"hapis-cezasiyla-aranan-firari-kovalamacada-yakalandi","status":"publish","type":"post","link":"https:\/\/www.egemtv.com\/?p=49573","title":{"rendered":"Hapis cezas\u0131yla aranan firari, kovalamacada yakaland\u0131"},"content":{"rendered":"<p>\u0130zmir\u2019in Konak il\u00e7esinde, hakk\u0131nda kesinle\u015fmi\u015f 30 y\u0131l 8 ay 10 g\u00fcn hapis cezas\u0131 bulunan cezaevi firarisi, polis ekipleri taraf\u0131ndan k\u0131sa s\u00fcren kovalamacan\u0131n ard\u0131ndan yakaland\u0131.<br \/>\n<br \/>Konak \u0130l\u00e7e Emniyet M\u00fcd\u00fcrl\u00fc\u011f\u00fc Su\u00e7 \u00d6nleme ve Soru\u015fturma B\u00fcro Amirli\u011fi ekipleri, hakk\u0131nda ya\u011fma ve evden h\u0131rs\u0131zl\u0131k su\u00e7lar\u0131ndan \u00e7ok say\u0131da kayd\u0131 bulunan A.S.\u2019yi takibe ald\u0131. Ekiplerin dur ihtar\u0131na uymayan \u015f\u00fcpheli, polisten ka\u00e7maya ba\u015flad\u0131 ancak k\u0131sa s\u00fcreli kovalamaca sonras\u0131 k\u0131sk\u0131vrak yakaland\u0131.<br \/>\n<br \/>G\u00f6zalt\u0131na al\u0131nan A.S., emniyetteki i\u015flemlerinin ard\u0131ndan adli mercilere sevk edildi.<br \/><\/p>\n","protected":false},"excerpt":{"rendered":"<p>\u0130zmir\u2019in Konak il\u00e7esinde, hakk\u0131nda kesinle\u015fmi\u015f 30 y\u0131l 8 ay 10 g\u00fcn hapis cezas\u0131 bulunan cezaevi firarisi, polis ekipleri taraf\u0131ndan k\u0131sa s\u00fcren kovalamacan\u0131n ard\u0131ndan yakaland\u0131. Konak \u0130l\u00e7e Emniyet M\u00fcd\u00fcrl\u00fc\u011f\u00fc Su\u00e7 \u00d6nleme ve Soru\u015fturma B\u00fcro Amirli\u011fi ekipleri, hakk\u0131nda ya\u011fma ve evden h\u0131rs\u0131zl\u0131k su\u00e7lar\u0131ndan \u00e7ok say\u0131da kayd\u0131 bulunan A.S.\u2019yi takibe ald\u0131. Ekiplerin dur ihtar\u0131na uymayan \u015f\u00fcpheli, polisten ka\u00e7maya&#8230;<\/p>\n","protected":false},"author":1,"featured_media":49574,"comment_status":"open","ping_status":"open","sticky":false,"template":"","format":"standard","meta":{"_crdt_document":"","footnotes":""},"categories":[5],"tags":[],"class_list":["post-49573","post","type-post","status-publish","format-standard","has-post-thumbnail","hentry","category-asayis"],"_links":{"self":[{"href":"https:\/\/www.egemtv.com\/index.php?rest_route=\/wp\/v2\/posts\/49573","targetHints":{"allow":["GET"]}}],"collection":[{"href":"https:\/\/www.egemtv.com\/index.php?rest_route=\/wp\/v2\/posts"}],"about":[{"href":"https:\/\/www.egemtv.com\/index.php?rest_route=\/wp\/v2\/types\/post"}],"author":[{"embeddable":true,"href":"https:\/\/www.egemtv.com\/index.php?rest_route=\/wp\/v2\/users\/1"}],"replies":[{"embeddable":true,"href":"https:\/\/www.egemtv.com\/index.php?rest_route=%2Fwp%2Fv2%2Fcomments&post=49573"}],"version-history":[{"count":1,"href":"https:\/\/www.egemtv.com\/index.php?rest_route=\/wp\/v2\/posts\/49573\/revisions"}],"predecessor-version":[{"id":49575,"href":"https:\/\/www.egemtv.com\/index.php?rest_route=\/wp\/v2\/posts\/49573\/revisions\/49575"}],"wp:featuredmedia":[{"embeddable":true,"href":"https:\/\/www.egemtv.com\/index.php?rest_route=\/wp\/v2\/media\/49574"}],"wp:attachment":[{"href":"https:\/\/www.egemtv.com\/index.php?rest_route=%2Fwp%2Fv2%2Fmedia&parent=49573"}],"wp:term":[{"taxonomy":"category","embeddable":true,"href":"https:\/\/www.egemtv.com\/index.php?rest_route=%2Fwp%2Fv2%2Fcategories&post=49573"},{"taxonomy":"post_tag","embeddable":true,"href":"https:\/\/www.egemtv.com\/index.php?rest_route=%2Fwp%2Fv2%2Ftags&post=49573"}],"curies":[{"name":"wp","href":"https:\/\/api.w.org\/{rel}","templated":true}]}}