{"id":49570,"date":"2025-08-18T14:36:07","date_gmt":"2025-08-18T11:36:07","guid":{"rendered":"https:\/\/www.egemtv.com\/?p=49570"},"modified":"2025-08-18T14:36:08","modified_gmt":"2025-08-18T11:36:08","slug":"bodrumda-sanatci-baskilara-dayanamayip-davulunu-kirarak-sahneyi-birakti","status":"publish","type":"post","link":"https:\/\/www.egemtv.com\/?p=49570","title":{"rendered":"Bodrum\u2019da sanat\u00e7\u0131 bask\u0131lara dayanamay\u0131p davulunu k\u0131rarak sahneyi b\u0131rakt\u0131"},"content":{"rendered":"<p>Mu\u011fla\u2019n\u0131n Bodrum il\u00e7esi G\u00fcndo\u011fan Sahili\u2019nde sahne alan sanat\u00e7\u0131 Ekin Akka\u015f, T\u00fcrk\u00e7e m\u00fczik ve t\u00fcrk\u00fclerden rahats\u0131z olduklar\u0131 gerek\u00e7esiyle vatanda\u015flar\u0131n y\u00fczlerce \u015fik\u00e2yeti \u00fczerine, sahnede davulu k\u0131rarak sahneyi b\u0131rakt\u0131. Akka\u015f, &#8220;Buras\u0131 T\u00fcrkiye, tabii ki t\u00fcrk\u00fclerimizi s\u00f6yleyece\u011fiz, T\u00fcrk\u00e7e \u015fark\u0131lar\u0131m\u0131z\u0131 \u00e7alaca\u011f\u0131z. Yunan m\u00fczi\u011fi dinlemek isteyenler Kos\u2019a gidebilir&#8221; s\u00f6zleriyle ya\u015fananlara tepki g\u00f6sterdi.<br \/>\n<br \/>Sahneye veda etmeden \u00f6nce do\u011fum g\u00fcn\u00fcn\u00fc kutlayan ve dinleyicilere \u00e7i\u011f k\u00f6fte da\u011f\u0131tan Akka\u015f, son kez m\u00fczikleriyle zeybek oynat\u0131p halay \u00e7ektirdi. Ard\u0131ndan davulunu k\u0131rarak m\u00fczisyen arkada\u015flar\u0131yla birlikte enstr\u00fcmanlar\u0131 sahnenin \u00f6n\u00fcne b\u0131rakan sanat\u00e7\u0131, sahneden ayr\u0131ld\u0131. Dinleyiciler ise &#8220;L\u00fctfen gitme, sen \u00e7ok g\u00fczel s\u00f6yl\u00fcyorsun&#8221; diyerek Akka\u015f\u2019a destek oldu.<\/p>\n<p>&#8220;Biz hazirandan beri Bodrum\u2019da m\u00fczik yapmaya \u00e7al\u0131\u015f\u0131yoruz&#8221;<br \/>\n<br \/>Gazetecilerin sorular\u0131n\u0131 yan\u0131tlayan Ekin Akka\u015f, haziran ay\u0131ndan bu yana Bodrum\u2019da m\u00fczik yapmaya \u00e7al\u0131\u015ft\u0131klar\u0131n\u0131 belirterek, &#8220;Sonu\u00e7ta buras\u0131 bir m\u00fcessese, burada a\u015fa\u011f\u0131 yukar\u0131 50-60 ki\u015fi ekmek yiyor. Bunun gibi bir\u00e7ok mek\u00e2n var Bodrum\u2019da. Ancak Bodrum zaten bu sene sezon itibar\u0131yla \u00e7ok iyi ge\u00e7medi. \u00c7\u00fcnk\u00fc s\u00fcrekli Bodrum\u2019u karalama kampanyas\u0131 ba\u015flad\u0131. Biz hazirandan beri her etkinlikte, daha m\u00fczi\u011fe ba\u015flamadan hemen \u015fik\u00e2yet edilmeye \u00e7al\u0131\u015f\u0131ld\u0131k. Oysa buran\u0131n ruhsat\u0131 var&#8221; dedi.<\/p>\n<p>&#8220;Sessiz m\u00fczik yapmaktan yorulduk&#8221;<br \/>\n<br \/>Akka\u015f, mek\u00e2nda hi\u00e7bir gayri yasal olay ya\u015fanmad\u0131\u011f\u0131n\u0131 vurgulayarak, &#8220;Gelen jandarma s\u00fcrekli \u00f6l\u00e7\u00fcm yapt\u0131, her \u015fey kontrol alt\u0131nda oldu. Her g\u00fcn m\u00fczik yapt\u0131\u011f\u0131m\u0131zda denetim alt\u0131ndayd\u0131k. \u00c7\u00fcnk\u00fc sesimiz hi\u00e7bir zaman s\u0131n\u0131rlar\u0131 a\u015fmad\u0131. Bizim sesimiz k\u0131s\u0131ld\u0131, buraya gelen t\u00fcm sanat\u00e7\u0131lar sesinden oldu. Ben de sesimden oldum. Sessiz m\u00fczik yapmaktan yorulduk&#8221; ifadelerini kulland\u0131.<\/p>\n<p>&#8220;Sanat\u00e7\u0131 sessiz olamaz&#8221;<br \/>\n<br \/>Mek\u00e2n sahibi Macit Bey\u2019in her zaman kendisine destek oldu\u011funu belirten Akka\u015f, &#8220;Ama o da art\u0131k \u2018sessiz sanat\u00e7\u0131lar getirelim\u2019 demek zorunda kald\u0131. Ben de dedim ki \u2018Abi, sessiz sanat\u00e7\u0131 nas\u0131l getireyim? Sesi olmayan zaten sanat\u00e7\u0131 olamaz\u2019&#8221; diye konu\u015ftu.<\/p>\n<p>&#8220;T\u00fcrk\u00fclerimizden rahats\u0131z oldular&#8221;<br \/>\n<br \/>Her g\u00fcn y\u00fczlerce \u015fik\u00e2yetle kar\u015f\u0131la\u015ft\u0131\u011f\u0131n\u0131 dile getiren Akka\u015f, &#8220;Daha ikinci dakikada bile m\u00fczik a\u00e7\u0131lmadan \u015fik\u00e2yet edildi. Buras\u0131 Bodrum. Bodrum bir d\u00fcnya markas\u0131d\u0131r. Bodrum\u2019da m\u00fczik olmazsa olmaz. T\u00fcrk\u00fclerimizle, horonlar\u0131m\u0131zla, zeybeklerimizle yad\u0131rgand\u0131k. Ahmet Kaya \u015fark\u0131lar\u0131yla bile yad\u0131rgand\u0131k. \u2018\u00c7ok i\u011fren\u00e7 t\u00fcrk\u00fcler s\u00f6yl\u00fcyorsunuz\u2019 dediler, \u2018varo\u015fsunuz\u2019 dediler. Ama biz varo\u015f de\u011filiz. Biz karde\u015flik ve bar\u0131\u015f i\u00e7in \u015fark\u0131 s\u00f6yl\u00fcyoruz. Bayra\u011f\u0131m\u0131z\u0131 seviyoruz&#8221; dedi.<\/p>\n<p>&#8220;Buras\u0131 T\u00fcrkiye, m\u00fczi\u011fimizin yeri var&#8221;<br \/>\n<br \/>Akka\u015f, ya\u015fanan tepkilere \u00fcz\u00fcld\u00fc\u011f\u00fcn\u00fc belirterek, &#8220;Macit Diyarbak\u0131rl\u0131d\u0131r, ben de Diyarbak\u0131rl\u0131y\u0131m. O kadar yurtsever, \u00fclkesini seven biridir ki anlatamam. Ama bu yap\u0131lanlar\u0131 esefle k\u0131n\u0131yorum. \u00dclkemin her taraf\u0131 benimdir, Bodrum da benimdir. Yunan m\u00fczi\u011fini severim, dinlerim, keyif al\u0131r\u0131m. Ama illa onu dinlemek isteyen varsa, Kos\u2019a gidebilir. Buras\u0131 T\u00fcrkiye. Benim her topra\u011f\u0131m\u0131n her yerinin m\u00fczi\u011fi vard\u0131r. Bu \u00fclkede dedelerimiz, atalar\u0131m\u0131z sava\u015fm\u0131\u015f. Bu bayrak bizimdir. Kendi t\u00fcrk\u00fclerimize, m\u00fczi\u011fimize, \u00f6z\u00fcm\u00fcze sahip \u00e7\u0131kmazsak yaz\u0131k bize&#8221; ifadelerini kulland\u0131.<\/p>\n<p>&#8220;B\u0131kk\u0131nl\u0131k sebebiyle b\u0131rak\u0131yoruz&#8221;<br \/>\n<br \/>Sahneyi b\u0131rakma karar\u0131n\u0131n sebebini de a\u00e7\u0131klayan Akka\u015f, &#8220;Bug\u00fcn b\u0131rakmam\u0131z\u0131n yeg\u00e2ne sebebi b\u0131kk\u0131nl\u0131k oldu. \u0130lk g\u00fcnden beri yanl\u0131\u015f m\u0131y\u0131z? Zaten saat bire kadar iznimiz var. Biz bir dakika bile ge\u00e7tik mi? Hukuksuz bir \u015fey yapt\u0131k m\u0131? Asla. Evraklar\u0131m\u0131z\u0131 her zaman g\u00f6sterdik&#8221; dedi.<\/p>\n<p>&#8220;Bodrum m\u00fcziksiz olamaz&#8221;<br \/>\n<br \/>Bodrum\u2019un e\u011flence kenti oldu\u011funu belirten Akka\u015f, &#8220;As\u0131l \u00f6nemli olan \u015fu; insanlar Bodrum\u2019a gece yar\u0131s\u0131 yatmaya m\u0131 geliyor? Bodrum\u2019da gece yar\u0131s\u0131nda kimse yatmaz. Buras\u0131 e\u011flence yeri. Buna ra\u011fmen bir tane de\u011fil, y\u00fczlerce \u015fik\u00e2yet oldu. Daha m\u00fczi\u011fe ba\u015flamadan \u015fik\u00e2yetler gelmeye ba\u015flad\u0131&#8221; dedi.<br \/>\n<br \/>Sokakta y\u00fcr\u00fcrken bile yad\u0131rgand\u0131\u011f\u0131n\u0131 aktaran sanat\u00e7\u0131, &#8220;Buras\u0131 t\u00fcrk\u00fc yeri mi?, Buras\u0131 \u00e7i\u011f k\u00f6fte yeri mi? dediler. Oysa Urfa da burada, Diyarbak\u0131r da burada. Bunlara \u00e7ok \u00fcz\u00fcld\u00fcm, \u00e7ok k\u0131r\u0131ld\u0131m. Ke\u015fke bunlar ya\u015fanmasayd\u0131&#8221; s\u00f6zleriyle konu\u015fmas\u0131n\u0131 tamamlad\u0131.<br \/><\/p>\n","protected":false},"excerpt":{"rendered":"<p>Mu\u011fla\u2019n\u0131n Bodrum il\u00e7esi G\u00fcndo\u011fan Sahili\u2019nde sahne alan sanat\u00e7\u0131 Ekin Akka\u015f, T\u00fcrk\u00e7e m\u00fczik ve t\u00fcrk\u00fclerden rahats\u0131z olduklar\u0131 gerek\u00e7esiyle vatanda\u015flar\u0131n y\u00fczlerce \u015fik\u00e2yeti \u00fczerine, sahnede davulu k\u0131rarak sahneyi b\u0131rakt\u0131. Akka\u015f, &#8220;Buras\u0131 T\u00fcrkiye, tabii ki t\u00fcrk\u00fclerimizi s\u00f6yleyece\u011fiz, T\u00fcrk\u00e7e \u015fark\u0131lar\u0131m\u0131z\u0131 \u00e7alaca\u011f\u0131z. Yunan m\u00fczi\u011fi dinlemek isteyenler Kos\u2019a gidebilir&#8221; s\u00f6zleriyle ya\u015fananlara tepki g\u00f6sterdi. Sahneye veda etmeden \u00f6nce do\u011fum g\u00fcn\u00fcn\u00fc kutlayan ve dinleyicilere&#8230;<\/p>\n","protected":false},"author":1,"featured_media":49571,"comment_status":"open","ping_status":"open","sticky":false,"template":"","format":"standard","meta":{"_crdt_document":"","footnotes":""},"categories":[1],"tags":[],"class_list":["post-49570","post","type-post","status-publish","format-standard","has-post-thumbnail","hentry","category-guncel"],"_links":{"self":[{"href":"https:\/\/www.egemtv.com\/index.php?rest_route=\/wp\/v2\/posts\/49570","targetHints":{"allow":["GET"]}}],"collection":[{"href":"https:\/\/www.egemtv.com\/index.php?rest_route=\/wp\/v2\/posts"}],"about":[{"href":"https:\/\/www.egemtv.com\/index.php?rest_route=\/wp\/v2\/types\/post"}],"author":[{"embeddable":true,"href":"https:\/\/www.egemtv.com\/index.php?rest_route=\/wp\/v2\/users\/1"}],"replies":[{"embeddable":true,"href":"https:\/\/www.egemtv.com\/index.php?rest_route=%2Fwp%2Fv2%2Fcomments&post=49570"}],"version-history":[{"count":1,"href":"https:\/\/www.egemtv.com\/index.php?rest_route=\/wp\/v2\/posts\/49570\/revisions"}],"predecessor-version":[{"id":49572,"href":"https:\/\/www.egemtv.com\/index.php?rest_route=\/wp\/v2\/posts\/49570\/revisions\/49572"}],"wp:featuredmedia":[{"embeddable":true,"href":"https:\/\/www.egemtv.com\/index.php?rest_route=\/wp\/v2\/media\/49571"}],"wp:attachment":[{"href":"https:\/\/www.egemtv.com\/index.php?rest_route=%2Fwp%2Fv2%2Fmedia&parent=49570"}],"wp:term":[{"taxonomy":"category","embeddable":true,"href":"https:\/\/www.egemtv.com\/index.php?rest_route=%2Fwp%2Fv2%2Fcategories&post=49570"},{"taxonomy":"post_tag","embeddable":true,"href":"https:\/\/www.egemtv.com\/index.php?rest_route=%2Fwp%2Fv2%2Ftags&post=49570"}],"curies":[{"name":"wp","href":"https:\/\/api.w.org\/{rel}","templated":true}]}}