{"id":49567,"date":"2025-08-18T14:36:06","date_gmt":"2025-08-18T11:36:06","guid":{"rendered":"https:\/\/www.egemtv.com\/?p=49567"},"modified":"2025-08-18T14:36:07","modified_gmt":"2025-08-18T11:36:07","slug":"ali-senle-ilgili-oglundan-aciklama","status":"publish","type":"post","link":"https:\/\/www.egemtv.com\/?p=49567","title":{"rendered":"Ali \u015een\u2019le ilgili o\u011flundan a\u00e7\u0131klama"},"content":{"rendered":"<p>Fenerbah\u00e7e Spor Kul\u00fcb\u00fc\u2019n\u00fcn eski ba\u015fkan\u0131 Ali \u015een, Mu\u011fla\u2019n\u0131n Bodrum il\u00e7esinde tedavi alt\u0131na al\u0131nd\u0131.<br \/>\n<br \/>Uzun y\u0131llard\u0131r Bodrum\u2019da ya\u015fam\u0131n\u0131 s\u00fcrd\u00fcren 86 ya\u015f\u0131ndaki Ali \u015een\u2019in ge\u00e7en \u00c7ar\u015famba g\u00fcn\u00fc enfeksiyondan kaynakl\u0131 y\u00fcksek ate\u015f \u015fikayetiyle Ac\u0131badem Hastanesi\u2019ne kald\u0131r\u0131ld\u0131\u011f\u0131 bildirildi.<br \/>\n<br \/>Ali \u015een\u2019in o\u011flu Metin \u015een bir a\u00e7\u0131klama yapt\u0131. \u015een, yapt\u0131\u011f\u0131 a\u00e7\u0131klamada babas\u0131n\u0131n sa\u011fl\u0131k durumunun iyi oldu\u011funu ve bug\u00fcn taburcu olaca\u011f\u0131n\u0131 aktararak, &#8220;Babam\u0131n sa\u011fl\u0131k durumu gayet iyi. Tedbiren yo\u011fun bak\u0131mdayd\u0131. Bug\u00fcn, bir aksilik olmazsa hastaneden \u00e7\u0131kaca\u011f\u0131z. Endi\u015felenecek bir konu yok&#8221; dedi.<br \/><\/p>\n","protected":false},"excerpt":{"rendered":"<p>Fenerbah\u00e7e Spor Kul\u00fcb\u00fc\u2019n\u00fcn eski ba\u015fkan\u0131 Ali \u015een, Mu\u011fla\u2019n\u0131n Bodrum il\u00e7esinde tedavi alt\u0131na al\u0131nd\u0131. Uzun y\u0131llard\u0131r Bodrum\u2019da ya\u015fam\u0131n\u0131 s\u00fcrd\u00fcren 86 ya\u015f\u0131ndaki Ali \u015een\u2019in ge\u00e7en \u00c7ar\u015famba g\u00fcn\u00fc enfeksiyondan kaynakl\u0131 y\u00fcksek ate\u015f \u015fikayetiyle Ac\u0131badem Hastanesi\u2019ne kald\u0131r\u0131ld\u0131\u011f\u0131 bildirildi. Ali \u015een\u2019in o\u011flu Metin \u015een bir a\u00e7\u0131klama yapt\u0131. \u015een, yapt\u0131\u011f\u0131 a\u00e7\u0131klamada babas\u0131n\u0131n sa\u011fl\u0131k durumunun iyi oldu\u011funu ve bug\u00fcn taburcu olaca\u011f\u0131n\u0131 aktararak,&#8230;<\/p>\n","protected":false},"author":1,"featured_media":49568,"comment_status":"open","ping_status":"open","sticky":false,"template":"","format":"standard","meta":{"_crdt_document":"","footnotes":""},"categories":[123],"tags":[],"class_list":["post-49567","post","type-post","status-publish","format-standard","has-post-thumbnail","hentry","category-gundem"],"_links":{"self":[{"href":"https:\/\/www.egemtv.com\/index.php?rest_route=\/wp\/v2\/posts\/49567","targetHints":{"allow":["GET"]}}],"collection":[{"href":"https:\/\/www.egemtv.com\/index.php?rest_route=\/wp\/v2\/posts"}],"about":[{"href":"https:\/\/www.egemtv.com\/index.php?rest_route=\/wp\/v2\/types\/post"}],"author":[{"embeddable":true,"href":"https:\/\/www.egemtv.com\/index.php?rest_route=\/wp\/v2\/users\/1"}],"replies":[{"embeddable":true,"href":"https:\/\/www.egemtv.com\/index.php?rest_route=%2Fwp%2Fv2%2Fcomments&post=49567"}],"version-history":[{"count":1,"href":"https:\/\/www.egemtv.com\/index.php?rest_route=\/wp\/v2\/posts\/49567\/revisions"}],"predecessor-version":[{"id":49569,"href":"https:\/\/www.egemtv.com\/index.php?rest_route=\/wp\/v2\/posts\/49567\/revisions\/49569"}],"wp:featuredmedia":[{"embeddable":true,"href":"https:\/\/www.egemtv.com\/index.php?rest_route=\/wp\/v2\/media\/49568"}],"wp:attachment":[{"href":"https:\/\/www.egemtv.com\/index.php?rest_route=%2Fwp%2Fv2%2Fmedia&parent=49567"}],"wp:term":[{"taxonomy":"category","embeddable":true,"href":"https:\/\/www.egemtv.com\/index.php?rest_route=%2Fwp%2Fv2%2Fcategories&post=49567"},{"taxonomy":"post_tag","embeddable":true,"href":"https:\/\/www.egemtv.com\/index.php?rest_route=%2Fwp%2Fv2%2Ftags&post=49567"}],"curies":[{"name":"wp","href":"https:\/\/api.w.org\/{rel}","templated":true}]}}