{"id":49564,"date":"2025-08-18T14:15:10","date_gmt":"2025-08-18T11:15:10","guid":{"rendered":"https:\/\/www.egemtv.com\/?p=49564"},"modified":"2025-08-18T14:15:11","modified_gmt":"2025-08-18T11:15:11","slug":"baskan-cercioglu-mujdeledi-personellere-yuzde-23-zam-yapildi","status":"publish","type":"post","link":"https:\/\/www.egemtv.com\/?p=49564","title":{"rendered":"Ba\u015fkan \u00c7er\u00e7io\u011flu m\u00fcjdeledi, personellere y\u00fczde 23 zam yap\u0131ld\u0131"},"content":{"rendered":"<p>Yap\u0131lan \u00e7al\u0131\u015fmalar kapsam\u0131nda elde edilen kaynaklar\u0131 ilk olarak personellere kulland\u0131klar\u0131n\u0131 ifade eden Ayd\u0131n B\u00fcy\u00fck\u015fehir Belediye Ba\u015fkan\u0131 \u00d6zlem \u00c7er\u00e7io\u011flu, belediye \u00e7al\u0131\u015fanlar\u0131n\u0131n maa\u015flar\u0131na y\u00fczde 23 oran\u0131nda zam yapt\u0131klar\u0131n\u0131 duyurdu.<br \/>\n<br \/>Ayd\u0131n B\u00fcy\u00fck\u015fehir Belediyesi ve ASK\u0130 Genel M\u00fcd\u00fcrl\u00fc\u011f\u00fc b\u00fcnyesinde, ayr\u0131ca belediyeye ba\u011fl\u0131 \u015firketlerde g\u00f6rev yapan personellerin ayl\u0131k \u00fccretlerine y\u00fczde 23 oran\u0131nda ara zam yap\u0131ld\u0131. Al\u0131nan bu karar do\u011frultusunda, en d\u00fc\u015f\u00fck taban ayl\u0131k maa\u015f 40 bin TL\u2019ye y\u00fckseltilerek \u00e7al\u0131\u015fanlar\u0131n refah seviyesinin art\u0131r\u0131lmas\u0131 hedeflendi. B\u00fcy\u00fck\u015fehir Belediye Ba\u015fkan\u0131 \u00d6zlem \u00c7er\u00e7io\u011flu\u2019nun \u00f6nc\u00fcl\u00fc\u011f\u00fcnde y\u00fcr\u00fct\u00fclen \u00e7al\u0131\u015fmalar ile elde edilen kaynak \u00f6ncelikle personeller i\u00e7in kullan\u0131l\u0131rken, Ba\u015fkan \u00c7er\u00e7io\u011flu, uzun s\u00fcredir \u00fczerinde \u00e7al\u0131\u015f\u0131lan d\u00fczenlemenin hayata ge\u00e7irildi\u011fini belirterek, &#8220;Bizim \u00f6nceli\u011fimiz her zaman al\u0131n teri d\u00f6ken \u00e7al\u0131\u015fma arkada\u015flar\u0131m\u0131zd\u0131r. Belediyemiz b\u00fcnyesinde g\u00f6rev yapan t\u00fcm emek\u00e7ilerimizin haklar\u0131n\u0131 korumak ve ekonomik anlamda daha g\u00fc\u00e7l\u00fc bir \u015fekilde ya\u015famalar\u0131n\u0131 sa\u011flamak i\u00e7in var g\u00fcc\u00fcm\u00fczle \u00e7al\u0131\u015f\u0131yoruz&#8221;dedi.<br \/><\/p>\n","protected":false},"excerpt":{"rendered":"<p>Yap\u0131lan \u00e7al\u0131\u015fmalar kapsam\u0131nda elde edilen kaynaklar\u0131 ilk olarak personellere kulland\u0131klar\u0131n\u0131 ifade eden Ayd\u0131n B\u00fcy\u00fck\u015fehir Belediye Ba\u015fkan\u0131 \u00d6zlem \u00c7er\u00e7io\u011flu, belediye \u00e7al\u0131\u015fanlar\u0131n\u0131n maa\u015flar\u0131na y\u00fczde 23 oran\u0131nda zam yapt\u0131klar\u0131n\u0131 duyurdu. Ayd\u0131n B\u00fcy\u00fck\u015fehir Belediyesi ve ASK\u0130 Genel M\u00fcd\u00fcrl\u00fc\u011f\u00fc b\u00fcnyesinde, ayr\u0131ca belediyeye ba\u011fl\u0131 \u015firketlerde g\u00f6rev yapan personellerin ayl\u0131k \u00fccretlerine y\u00fczde 23 oran\u0131nda ara zam yap\u0131ld\u0131. Al\u0131nan bu karar do\u011frultusunda, en&#8230;<\/p>\n","protected":false},"author":1,"featured_media":49565,"comment_status":"open","ping_status":"open","sticky":false,"template":"","format":"standard","meta":{"_crdt_document":"","footnotes":""},"categories":[1],"tags":[],"class_list":["post-49564","post","type-post","status-publish","format-standard","has-post-thumbnail","hentry","category-guncel"],"_links":{"self":[{"href":"https:\/\/www.egemtv.com\/index.php?rest_route=\/wp\/v2\/posts\/49564","targetHints":{"allow":["GET"]}}],"collection":[{"href":"https:\/\/www.egemtv.com\/index.php?rest_route=\/wp\/v2\/posts"}],"about":[{"href":"https:\/\/www.egemtv.com\/index.php?rest_route=\/wp\/v2\/types\/post"}],"author":[{"embeddable":true,"href":"https:\/\/www.egemtv.com\/index.php?rest_route=\/wp\/v2\/users\/1"}],"replies":[{"embeddable":true,"href":"https:\/\/www.egemtv.com\/index.php?rest_route=%2Fwp%2Fv2%2Fcomments&post=49564"}],"version-history":[{"count":1,"href":"https:\/\/www.egemtv.com\/index.php?rest_route=\/wp\/v2\/posts\/49564\/revisions"}],"predecessor-version":[{"id":49566,"href":"https:\/\/www.egemtv.com\/index.php?rest_route=\/wp\/v2\/posts\/49564\/revisions\/49566"}],"wp:featuredmedia":[{"embeddable":true,"href":"https:\/\/www.egemtv.com\/index.php?rest_route=\/wp\/v2\/media\/49565"}],"wp:attachment":[{"href":"https:\/\/www.egemtv.com\/index.php?rest_route=%2Fwp%2Fv2%2Fmedia&parent=49564"}],"wp:term":[{"taxonomy":"category","embeddable":true,"href":"https:\/\/www.egemtv.com\/index.php?rest_route=%2Fwp%2Fv2%2Fcategories&post=49564"},{"taxonomy":"post_tag","embeddable":true,"href":"https:\/\/www.egemtv.com\/index.php?rest_route=%2Fwp%2Fv2%2Ftags&post=49564"}],"curies":[{"name":"wp","href":"https:\/\/api.w.org\/{rel}","templated":true}]}}