{"id":49558,"date":"2025-08-18T14:15:08","date_gmt":"2025-08-18T11:15:08","guid":{"rendered":"https:\/\/www.egemtv.com\/?p=49558"},"modified":"2025-08-18T14:15:09","modified_gmt":"2025-08-18T11:15:09","slug":"burhanettin-basatemurden-transfer-isareti","status":"publish","type":"post","link":"https:\/\/www.egemtv.com\/?p=49558","title":{"rendered":"Burhanettin Basatem\u00fcr\u2019den transfer i\u015fareti"},"content":{"rendered":"<p>Kar\u015f\u0131yaka Teknik Direkt\u00f6r\u00fc Burhanettin Basatem\u00fcr, yaz\u0131l\u0131 bir a\u00e7\u0131klama yaparak, mevkisel ve say\u0131sal anlamda istedikleri seviyelerde olmad\u0131klar\u0131n\u0131 belirterek, hafta i\u00e7inde bu anlamda yol kat edeceklerini ifade etti.<br \/>\n<br \/>TFF 3. Lig 4. Grup ekiplerinden Kar\u015f\u0131yaka, yeni sezona iddial\u0131 bir \u015fekilde girmeye haz\u0131rlan\u0131yor. \u015eu ana kadar neredeyse sil ba\u015ftan bir kadro kuran \u0130zmir ekibi, 14 takviye ger\u00e7ekle\u015ftirdi. Teknik Direkt\u00f6r Burhanettin Basatem\u00fcr de tak\u0131m\u0131n bulundu\u011fu durum hakk\u0131nda yaz\u0131l\u0131 bir a\u00e7\u0131klama ger\u00e7ekle\u015ftirdi. Kartepe kamp\u0131n\u0131n iyi ge\u00e7ti\u011fini ifade eden Basatem\u00fcr, &#8220;Genel anlamda memnun oldu\u011fumuz bir kamp d\u00f6nemini geride b\u0131rakt\u0131k. Beraber hareket etme reflekslerini olu\u015fturma ve geli\u015ftirme amac\u0131n\u0131 da ta\u015f\u0131yan, haz\u0131rl\u0131k ma\u00e7lar\u0131yla da bunun sahaya yans\u0131malar\u0131n\u0131 g\u00f6rme f\u0131rsat\u0131m\u0131z\u0131n da oldu\u011fu faydal\u0131 bir zamand\u0131&#8221; diye konu\u015ftu.<\/p>\n<p>&#8220;Yenilenmi\u015f kadroya ihtiya\u00e7 vard\u0131&#8221;<br \/>\n<br \/>Kadro planlamas\u0131na da de\u011finen Basatem\u00fcr, &#8220;Tamamen yenilenmi\u015f bir kadromuz oldu\u011fu i\u00e7in buna ihtiyac\u0131m\u0131z vard\u0131. Gen\u00e7, hedefi olan ve bu de\u011ferli formay\u0131 giyebilmek i\u00e7in maddi olarak fedakarl\u0131k manevi olarak da mutluluk duyan oyunculardan olu\u015fan bir tak\u0131m kurduk hep beraber. Antrenmanlar ve haz\u0131rl\u0131k ma\u00e7lar\u0131yla belli bir seviyeye geldi\u011fimizi s\u00f6yleyebilirim. T\u00fcm tak\u0131m\u0131m\u0131z\u0131 g\u00f6sterdikleri do\u011fru davran\u0131\u015flar ve \u00e7al\u0131\u015fmalar\u0131ndan dolay\u0131 kutluyorum. Hen\u00fcz oyun olarak, mevkisel ve say\u0131sal olarak tam istedi\u011fimiz seviyede de\u011filiz ve bunun i\u00e7in \u00e7al\u0131\u015fmalar\u0131m\u0131z devam ediyor. Tahminen bu hafta i\u00e7inde o anlamda da bir mesafe kat ederiz. Zor ba\u015flayan bir sezon ba\u015flang\u0131c\u0131n\u0131 d\u00fc\u015f\u00fcnd\u00fc\u011f\u00fcm\u00fczde imkan ve \u015fartlar da g\u00f6z\u00fcn\u00fcze al\u0131nd\u0131\u011f\u0131nda bir\u00e7ok do\u011fru i\u015f yap\u0131ld\u0131\u011f\u0131n\u0131 g\u00f6rmek m\u00fcmk\u00fcn&#8221; dedi.<br \/>\n<br \/>Kul\u00fcbe ekonomik anlamda destek veren Azat Ye\u015fil ve Ba\u015fkan Ayg\u00fcn Ciciba\u015f y\u00f6netimine de te\u015fekk\u00fcr eden Basatem\u00fcr, s\u00f6zlerini \u015f\u00f6yle noktalad\u0131: &#8220;Amac\u0131m\u0131z kul\u00fcb\u00fcm\u00fcz\u00fc en iyi \u015fekilde temsil etmek ve o b\u00fcy\u00fck taraftar\u0131m\u0131z\u0131n co\u015fkulu deste\u011fine co\u015fkulu bir oyunla kar\u015f\u0131l\u0131k vermek.<br \/>\n<br \/>Hep beraber tak\u0131m\u0131m\u0131z\u0131 ve oyuncular\u0131m\u0131z\u0131 destekleyece\u011fiz sab\u0131r g\u00f6sterece\u011fiz ve in\u015fallah \u00e7ok g\u00fczel g\u00fcnler g\u00f6rece\u011fiz&#8221; diye konu\u015ftu.<br \/><\/p>\n","protected":false},"excerpt":{"rendered":"<p>Kar\u015f\u0131yaka Teknik Direkt\u00f6r\u00fc Burhanettin Basatem\u00fcr, yaz\u0131l\u0131 bir a\u00e7\u0131klama yaparak, mevkisel ve say\u0131sal anlamda istedikleri seviyelerde olmad\u0131klar\u0131n\u0131 belirterek, hafta i\u00e7inde bu anlamda yol kat edeceklerini ifade etti. TFF 3. Lig 4. Grup ekiplerinden Kar\u015f\u0131yaka, yeni sezona iddial\u0131 bir \u015fekilde girmeye haz\u0131rlan\u0131yor. \u015eu ana kadar neredeyse sil ba\u015ftan bir kadro kuran \u0130zmir ekibi, 14 takviye ger\u00e7ekle\u015ftirdi. Teknik&#8230;<\/p>\n","protected":false},"author":1,"featured_media":49559,"comment_status":"open","ping_status":"open","sticky":false,"template":"","format":"standard","meta":{"_crdt_document":"","footnotes":""},"categories":[4],"tags":[],"class_list":["post-49558","post","type-post","status-publish","format-standard","has-post-thumbnail","hentry","category-spor"],"_links":{"self":[{"href":"https:\/\/www.egemtv.com\/index.php?rest_route=\/wp\/v2\/posts\/49558","targetHints":{"allow":["GET"]}}],"collection":[{"href":"https:\/\/www.egemtv.com\/index.php?rest_route=\/wp\/v2\/posts"}],"about":[{"href":"https:\/\/www.egemtv.com\/index.php?rest_route=\/wp\/v2\/types\/post"}],"author":[{"embeddable":true,"href":"https:\/\/www.egemtv.com\/index.php?rest_route=\/wp\/v2\/users\/1"}],"replies":[{"embeddable":true,"href":"https:\/\/www.egemtv.com\/index.php?rest_route=%2Fwp%2Fv2%2Fcomments&post=49558"}],"version-history":[{"count":1,"href":"https:\/\/www.egemtv.com\/index.php?rest_route=\/wp\/v2\/posts\/49558\/revisions"}],"predecessor-version":[{"id":49560,"href":"https:\/\/www.egemtv.com\/index.php?rest_route=\/wp\/v2\/posts\/49558\/revisions\/49560"}],"wp:featuredmedia":[{"embeddable":true,"href":"https:\/\/www.egemtv.com\/index.php?rest_route=\/wp\/v2\/media\/49559"}],"wp:attachment":[{"href":"https:\/\/www.egemtv.com\/index.php?rest_route=%2Fwp%2Fv2%2Fmedia&parent=49558"}],"wp:term":[{"taxonomy":"category","embeddable":true,"href":"https:\/\/www.egemtv.com\/index.php?rest_route=%2Fwp%2Fv2%2Fcategories&post=49558"},{"taxonomy":"post_tag","embeddable":true,"href":"https:\/\/www.egemtv.com\/index.php?rest_route=%2Fwp%2Fv2%2Ftags&post=49558"}],"curies":[{"name":"wp","href":"https:\/\/api.w.org\/{rel}","templated":true}]}}