{"id":49552,"date":"2025-08-18T13:54:52","date_gmt":"2025-08-18T10:54:52","guid":{"rendered":"https:\/\/www.egemtv.com\/?p=49552"},"modified":"2025-08-18T13:54:53","modified_gmt":"2025-08-18T10:54:53","slug":"kamyonet-ve-yolcu-otobusunun-carpismasinda-7-kisi-yaralandi","status":"publish","type":"post","link":"https:\/\/www.egemtv.com\/?p=49552","title":{"rendered":"Kamyonet ve yolcu otob\u00fcs\u00fcn\u00fcn \u00e7arp\u0131\u015fmas\u0131nda 7 ki\u015fi yaraland\u0131"},"content":{"rendered":"<p>Afyonkarahisar\u2019da kamyonetin yolcu otob\u00fcs\u00fcne \u00e7arpmas\u0131 sonucu meydana gelen trafik kazas\u0131nda 7 ki\u015fi yaraland\u0131.<br \/>\n<br \/>Kaza, kent merkezi Veysel Karani mahallesinde meydana geldi. Edinilen bilgilere g\u00f6re, H.H.E. (52) idaresindeki 06 DJD 889 plakal\u0131 kamyonet, Afyonkarahisar-Ankara \u00c7evre Yolu\u2019ndaki k\u00f6pr\u00fc alt\u0131nda B.A\u2019n\u0131n kulland\u0131\u011f\u0131 07 AYM 313 plakal\u0131 yolcu otob\u00fcs\u00fcne arkadan \u00e7arpt\u0131. Kazada s\u00fcr\u00fcc\u00fcler ile kamyonette bulunan M.O. (55), L.K. (54), \u015e.K. (24), S.E. (21) ile U.A.E. (16) yaraland\u0131. Yaral\u0131lar kaza sonras\u0131 ihbar \u00fczerine b\u00f6lgeye gelen sa\u011fl\u0131k ve polis ekipleri sevk edildi.<br \/>\n<br \/>Kazan\u0131n ard\u0131ndan polis taraf\u0131ndan inceleme ba\u015flat\u0131ld\u0131.<br \/><\/p>\n","protected":false},"excerpt":{"rendered":"<p>Afyonkarahisar\u2019da kamyonetin yolcu otob\u00fcs\u00fcne \u00e7arpmas\u0131 sonucu meydana gelen trafik kazas\u0131nda 7 ki\u015fi yaraland\u0131. Kaza, kent merkezi Veysel Karani mahallesinde meydana geldi. Edinilen bilgilere g\u00f6re, H.H.E. (52) idaresindeki 06 DJD 889 plakal\u0131 kamyonet, Afyonkarahisar-Ankara \u00c7evre Yolu\u2019ndaki k\u00f6pr\u00fc alt\u0131nda B.A\u2019n\u0131n kulland\u0131\u011f\u0131 07 AYM 313 plakal\u0131 yolcu otob\u00fcs\u00fcne arkadan \u00e7arpt\u0131. Kazada s\u00fcr\u00fcc\u00fcler ile kamyonette bulunan M.O. (55), L.K&#8230;.<\/p>\n","protected":false},"author":1,"featured_media":49553,"comment_status":"open","ping_status":"open","sticky":false,"template":"","format":"standard","meta":{"_crdt_document":"","footnotes":""},"categories":[5],"tags":[],"class_list":["post-49552","post","type-post","status-publish","format-standard","has-post-thumbnail","hentry","category-asayis"],"_links":{"self":[{"href":"https:\/\/www.egemtv.com\/index.php?rest_route=\/wp\/v2\/posts\/49552","targetHints":{"allow":["GET"]}}],"collection":[{"href":"https:\/\/www.egemtv.com\/index.php?rest_route=\/wp\/v2\/posts"}],"about":[{"href":"https:\/\/www.egemtv.com\/index.php?rest_route=\/wp\/v2\/types\/post"}],"author":[{"embeddable":true,"href":"https:\/\/www.egemtv.com\/index.php?rest_route=\/wp\/v2\/users\/1"}],"replies":[{"embeddable":true,"href":"https:\/\/www.egemtv.com\/index.php?rest_route=%2Fwp%2Fv2%2Fcomments&post=49552"}],"version-history":[{"count":1,"href":"https:\/\/www.egemtv.com\/index.php?rest_route=\/wp\/v2\/posts\/49552\/revisions"}],"predecessor-version":[{"id":49554,"href":"https:\/\/www.egemtv.com\/index.php?rest_route=\/wp\/v2\/posts\/49552\/revisions\/49554"}],"wp:featuredmedia":[{"embeddable":true,"href":"https:\/\/www.egemtv.com\/index.php?rest_route=\/wp\/v2\/media\/49553"}],"wp:attachment":[{"href":"https:\/\/www.egemtv.com\/index.php?rest_route=%2Fwp%2Fv2%2Fmedia&parent=49552"}],"wp:term":[{"taxonomy":"category","embeddable":true,"href":"https:\/\/www.egemtv.com\/index.php?rest_route=%2Fwp%2Fv2%2Fcategories&post=49552"},{"taxonomy":"post_tag","embeddable":true,"href":"https:\/\/www.egemtv.com\/index.php?rest_route=%2Fwp%2Fv2%2Ftags&post=49552"}],"curies":[{"name":"wp","href":"https:\/\/api.w.org\/{rel}","templated":true}]}}