{"id":49546,"date":"2025-08-18T13:54:50","date_gmt":"2025-08-18T10:54:50","guid":{"rendered":"https:\/\/www.egemtv.com\/?p=49546"},"modified":"2025-08-18T13:54:51","modified_gmt":"2025-08-18T10:54:51","slug":"kutahya-hisarcikta-trafik-kazasi-2-yarali","status":"publish","type":"post","link":"https:\/\/www.egemtv.com\/?p=49546","title":{"rendered":"K\u00fctahya Hisarc\u0131k\u2019ta trafik kazas\u0131: 2 yaral\u0131"},"content":{"rendered":"<p>K\u00fctahya\u2019n\u0131n Hisarc\u0131k il\u00e7esinde iki otomobilin \u00e7arp\u0131\u015fmas\u0131 sonucu meydana gelen trafik kazas\u0131nda 2 ki\u015fi yaraland\u0131.<br \/>\n<br \/>Kaza, Hisarc\u0131k-Simav karayolunun il\u00e7e giri\u015findeki kav\u015fakta, F.E. (34) y\u00f6netimindeki 43 AAL 466 plakal\u0131 otomobil ile H.G. (72) y\u00f6netimindeki 43 PD 875 plakal\u0131 otomobilin \u00e7arp\u0131\u015fmas\u0131 sonucu meydana geldi. Kazada yaralanan ara\u00e7 s\u00fcr\u00fcc\u00fcleri F.E., ve H.G., olay yerine gelen 112 acil servisi ekiplerince Emet Dr. Faz\u0131l Do\u011fan Devlet Hastanesine sevk edilerek tedavi alt\u0131na al\u0131nd\u0131.<br \/>\n<br \/>Polis kazayla ilgili inceleme ba\u015flatt\u0131.<br \/><\/p>\n","protected":false},"excerpt":{"rendered":"<p>K\u00fctahya\u2019n\u0131n Hisarc\u0131k il\u00e7esinde iki otomobilin \u00e7arp\u0131\u015fmas\u0131 sonucu meydana gelen trafik kazas\u0131nda 2 ki\u015fi yaraland\u0131. Kaza, Hisarc\u0131k-Simav karayolunun il\u00e7e giri\u015findeki kav\u015fakta, F.E. (34) y\u00f6netimindeki 43 AAL 466 plakal\u0131 otomobil ile H.G. (72) y\u00f6netimindeki 43 PD 875 plakal\u0131 otomobilin \u00e7arp\u0131\u015fmas\u0131 sonucu meydana geldi. Kazada yaralanan ara\u00e7 s\u00fcr\u00fcc\u00fcleri F.E., ve H.G., olay yerine gelen 112 acil servisi ekiplerince&#8230;<\/p>\n","protected":false},"author":1,"featured_media":49547,"comment_status":"open","ping_status":"open","sticky":false,"template":"","format":"standard","meta":{"_crdt_document":"","footnotes":""},"categories":[5],"tags":[],"class_list":["post-49546","post","type-post","status-publish","format-standard","has-post-thumbnail","hentry","category-asayis"],"_links":{"self":[{"href":"https:\/\/www.egemtv.com\/index.php?rest_route=\/wp\/v2\/posts\/49546","targetHints":{"allow":["GET"]}}],"collection":[{"href":"https:\/\/www.egemtv.com\/index.php?rest_route=\/wp\/v2\/posts"}],"about":[{"href":"https:\/\/www.egemtv.com\/index.php?rest_route=\/wp\/v2\/types\/post"}],"author":[{"embeddable":true,"href":"https:\/\/www.egemtv.com\/index.php?rest_route=\/wp\/v2\/users\/1"}],"replies":[{"embeddable":true,"href":"https:\/\/www.egemtv.com\/index.php?rest_route=%2Fwp%2Fv2%2Fcomments&post=49546"}],"version-history":[{"count":1,"href":"https:\/\/www.egemtv.com\/index.php?rest_route=\/wp\/v2\/posts\/49546\/revisions"}],"predecessor-version":[{"id":49548,"href":"https:\/\/www.egemtv.com\/index.php?rest_route=\/wp\/v2\/posts\/49546\/revisions\/49548"}],"wp:featuredmedia":[{"embeddable":true,"href":"https:\/\/www.egemtv.com\/index.php?rest_route=\/wp\/v2\/media\/49547"}],"wp:attachment":[{"href":"https:\/\/www.egemtv.com\/index.php?rest_route=%2Fwp%2Fv2%2Fmedia&parent=49546"}],"wp:term":[{"taxonomy":"category","embeddable":true,"href":"https:\/\/www.egemtv.com\/index.php?rest_route=%2Fwp%2Fv2%2Fcategories&post=49546"},{"taxonomy":"post_tag","embeddable":true,"href":"https:\/\/www.egemtv.com\/index.php?rest_route=%2Fwp%2Fv2%2Ftags&post=49546"}],"curies":[{"name":"wp","href":"https:\/\/api.w.org\/{rel}","templated":true}]}}