{"id":49543,"date":"2025-08-18T13:34:51","date_gmt":"2025-08-18T10:34:51","guid":{"rendered":"https:\/\/www.egemtv.com\/?p=49543"},"modified":"2025-08-18T13:34:52","modified_gmt":"2025-08-18T10:34:52","slug":"manisa-buyuksehir-caybasi-deresinin-rutin-temizligini-tamamladi","status":"publish","type":"post","link":"https:\/\/www.egemtv.com\/?p=49543","title":{"rendered":"Manisa B\u00fcy\u00fck\u015fehir \u00c7ayba\u015f\u0131 Deresi\u2019nin rutin temizli\u011fini tamamlad\u0131"},"content":{"rendered":"<p>Manisa B\u00fcy\u00fck\u015fehir Belediyesi ve Manisa Su ve Kanalizasyon \u0130daresi (MASK\u0130) Genel M\u00fcd\u00fcrl\u00fc\u011f\u00fc ekipleri, \u00c7ayba\u015f\u0131 Deresi\u2019nde rutin temizlik \u00e7al\u0131\u015fmas\u0131 yapt\u0131. Dere yata\u011f\u0131ndaki \u00e7\u00f6pler topland\u0131, zararl\u0131 otlar temizlendi ve a\u011fa\u00e7lar\u0131n budama i\u015flemleri yap\u0131ld\u0131.<br \/>\n<br \/>Manisa B\u00fcy\u00fck\u015fehir Belediyesi Kent Esteti\u011fi Dairesi Ba\u015fkanl\u0131\u011f\u0131, \u00c7evre Koruma ve Kontrol Dairesi Ba\u015fkanl\u0131\u011f\u0131 ekipleri, Manisa Su ve Kanalizasyon \u0130daresi (MASK\u0130) Genel M\u00fcd\u00fcrl\u00fc\u011f\u00fc ekipleriyle birlikte \u00c7ayba\u015f\u0131 Deresi\u2019ndeki ayl\u0131k rutin temizlik \u00e7al\u0131\u015fmas\u0131 ger\u00e7ekle\u015ftirdi. Ortak \u00e7al\u0131\u015fmada, dere yata\u011f\u0131 ve kenarlar\u0131nda biriken \u00e7\u00f6pler topland\u0131, zararl\u0131 ot temizli\u011fi yap\u0131ld\u0131, a\u011fa\u00e7lar\u0131n sa\u011fl\u0131kl\u0131 geli\u015fimi i\u00e7in budama i\u015flemleri uyguland\u0131 ve \u00e7evreye zarar veren yabani a\u011fa\u00e7lar kontroll\u00fc \u015fekilde kesildi. Yap\u0131lan \u00e7al\u0131\u015fmalarla ya\u011f\u0131\u015f d\u00f6nemi \u00f6ncesinde suyun ak\u0131\u015f rejiminin korunmas\u0131, k\u00f6t\u00fc koku ve g\u00f6r\u00fcnt\u00fc kirlili\u011finin \u00f6n\u00fcne ge\u00e7ilmesi, canl\u0131 ya\u015fam\u0131n\u0131n s\u00fcrd\u00fcr\u00fclebilirli\u011finin desteklenmesi ama\u00e7lan\u0131yor. Manisa B\u00fcy\u00fck\u015fehir Belediyesi ve MASK\u0130 ekipleri temizlik \u00e7al\u0131\u015fmas\u0131n\u0131n d\u00fczenli olarak ger\u00e7ekle\u015ftirilece\u011finin bilgisini verdi.<br \/>\n<br \/>Temizlik \u00e7al\u0131\u015fmalar\u0131 hakk\u0131nda a\u00e7\u0131klama yapan Manisa B\u00fcy\u00fck\u015fehir Belediye Ba\u015fkan\u0131 Besim Dutlulu, &#8220;Biz yine temizleriz, ama l\u00fctfen siz de kirletmemeye \u00f6zen g\u00f6sterin. Ekip arkada\u015flar\u0131m\u0131z, \u00c7ayba\u015f\u0131 Deresi\u2019nde kapsaml\u0131 bir temizlik \u00e7al\u0131\u015fmas\u0131 ger\u00e7ekle\u015ftirdi. Dere yata\u011f\u0131 ve \u00e7evresinde biriken at\u0131klar titizlikle topland\u0131; zararl\u0131 otlar temizlendi, a\u011fa\u00e7lar\u0131n sa\u011fl\u0131kl\u0131 geli\u015fimini desteklemek amac\u0131yla budama i\u015flemleri yap\u0131ld\u0131. Tarihi K\u0131rm\u0131z\u0131 K\u00f6pr\u00fc\u2019m\u00fcz\u00fc ve \u00c7ayba\u015f\u0131 Dere\u2019mizi eski g\u00fczelli\u011fine kavu\u015fturmak i\u00e7in \u00e7al\u0131\u015fmaya devam edece\u011fiz&#8221; dedi<br \/>\n<br \/>\u00c7ayba\u015f\u0131 Deresi\u2019nde y\u00fcr\u00fct\u00fclen temizlik \u00e7al\u0131\u015fmalar\u0131n\u0131 \u00c7evre Koruma ve Kontrol Dairesi Ba\u015fkan\u0131 Erk Kayaba\u015f ve Kent Esteti\u011fi Dairesi Ba\u015fkan\u0131 Emine M\u00fcge Ku\u011fu yerinde takip ederek, ilerlemeyi inceledi. \u00c7ayba\u015f\u0131 Deresi\u2019nin etraf\u0131na yap\u0131lacak kamera sistemi ile derenin kirlenmesinin \u00f6n\u00fcne ge\u00e7ilmesi hedefleniyor.<br \/><\/p>\n","protected":false},"excerpt":{"rendered":"<p>Manisa B\u00fcy\u00fck\u015fehir Belediyesi ve Manisa Su ve Kanalizasyon \u0130daresi (MASK\u0130) Genel M\u00fcd\u00fcrl\u00fc\u011f\u00fc ekipleri, \u00c7ayba\u015f\u0131 Deresi\u2019nde rutin temizlik \u00e7al\u0131\u015fmas\u0131 yapt\u0131. Dere yata\u011f\u0131ndaki \u00e7\u00f6pler topland\u0131, zararl\u0131 otlar temizlendi ve a\u011fa\u00e7lar\u0131n budama i\u015flemleri yap\u0131ld\u0131. Manisa B\u00fcy\u00fck\u015fehir Belediyesi Kent Esteti\u011fi Dairesi Ba\u015fkanl\u0131\u011f\u0131, \u00c7evre Koruma ve Kontrol Dairesi Ba\u015fkanl\u0131\u011f\u0131 ekipleri, Manisa Su ve Kanalizasyon \u0130daresi (MASK\u0130) Genel M\u00fcd\u00fcrl\u00fc\u011f\u00fc ekipleriyle birlikte&#8230;<\/p>\n","protected":false},"author":1,"featured_media":49544,"comment_status":"open","ping_status":"open","sticky":false,"template":"","format":"standard","meta":{"_crdt_document":"","footnotes":""},"categories":[1],"tags":[],"class_list":["post-49543","post","type-post","status-publish","format-standard","has-post-thumbnail","hentry","category-guncel"],"_links":{"self":[{"href":"https:\/\/www.egemtv.com\/index.php?rest_route=\/wp\/v2\/posts\/49543","targetHints":{"allow":["GET"]}}],"collection":[{"href":"https:\/\/www.egemtv.com\/index.php?rest_route=\/wp\/v2\/posts"}],"about":[{"href":"https:\/\/www.egemtv.com\/index.php?rest_route=\/wp\/v2\/types\/post"}],"author":[{"embeddable":true,"href":"https:\/\/www.egemtv.com\/index.php?rest_route=\/wp\/v2\/users\/1"}],"replies":[{"embeddable":true,"href":"https:\/\/www.egemtv.com\/index.php?rest_route=%2Fwp%2Fv2%2Fcomments&post=49543"}],"version-history":[{"count":1,"href":"https:\/\/www.egemtv.com\/index.php?rest_route=\/wp\/v2\/posts\/49543\/revisions"}],"predecessor-version":[{"id":49545,"href":"https:\/\/www.egemtv.com\/index.php?rest_route=\/wp\/v2\/posts\/49543\/revisions\/49545"}],"wp:featuredmedia":[{"embeddable":true,"href":"https:\/\/www.egemtv.com\/index.php?rest_route=\/wp\/v2\/media\/49544"}],"wp:attachment":[{"href":"https:\/\/www.egemtv.com\/index.php?rest_route=%2Fwp%2Fv2%2Fmedia&parent=49543"}],"wp:term":[{"taxonomy":"category","embeddable":true,"href":"https:\/\/www.egemtv.com\/index.php?rest_route=%2Fwp%2Fv2%2Fcategories&post=49543"},{"taxonomy":"post_tag","embeddable":true,"href":"https:\/\/www.egemtv.com\/index.php?rest_route=%2Fwp%2Fv2%2Ftags&post=49543"}],"curies":[{"name":"wp","href":"https:\/\/api.w.org\/{rel}","templated":true}]}}