{"id":49540,"date":"2025-08-18T13:34:51","date_gmt":"2025-08-18T10:34:51","guid":{"rendered":"https:\/\/www.egemtv.com\/?p=49540"},"modified":"2025-08-18T13:34:51","modified_gmt":"2025-08-18T10:34:51","slug":"sondaj-yapilirken-dogalgaz-hatti-patladi","status":"publish","type":"post","link":"https:\/\/www.egemtv.com\/?p=49540","title":{"rendered":"Sondaj yap\u0131l\u0131rken do\u011falgaz hatt\u0131 patlad\u0131"},"content":{"rendered":"<p>Denizli (\u0130HA) \u2013 Denizli\u2019nin Pamukkale il\u00e7esinde sondaj \u00e7al\u0131\u015fmas\u0131 esnas\u0131nda do\u011falgaz ana boru hatt\u0131nda patlama meydana geldi. Patlaman\u0131n ard\u0131ndan g\u00f6ky\u00fcz\u00fcnde y\u00fckselen yo\u011fun beyaz dumanlar ve etrafa yay\u0131lan gaz kokusunun m\u00fcdahaleler s\u00fcr\u00fcyor.<\/p>\n<p>Edinilen bilgiye g\u00f6re, Pamukkale il\u00e7esi Aktepe Mahallesi\u2019nde, sondaj \u00e7al\u0131\u015fmalar\u0131nda i\u015f makinesinin m\u00fcdahalesi s\u0131ras\u0131nda do\u011falgaz hatt\u0131nda patlama meydana geldi. Olay sonras\u0131 ihbar \u00fczerine b\u00f6lgeye k\u0131sa s\u00fcrede do\u011falgaz ekipleri sevk edildi. Ekipler b\u00f6lgede s\u0131z\u0131nt\u0131y\u0131 kontrol alt\u0131na almak i\u00e7in \u00e7al\u0131\u015fma ba\u015flatt\u0131. Patlaman\u0131n ard\u0131ndan g\u00f6ky\u00fcz\u00fcne yay\u0131lan beyaz dumanlar metrelerce uzaktan g\u00f6r\u00fcld\u00fc. Ya\u015fanan anlar ise \u00e7evrede bulunan bir vatanda\u015f taraf\u0131ndan cep telefonu kameras\u0131yla g\u00f6r\u00fcnt\u00fclendi.<br \/><\/p>\n","protected":false},"excerpt":{"rendered":"<p>Denizli (\u0130HA) \u2013 Denizli\u2019nin Pamukkale il\u00e7esinde sondaj \u00e7al\u0131\u015fmas\u0131 esnas\u0131nda do\u011falgaz ana boru hatt\u0131nda patlama meydana geldi. Patlaman\u0131n ard\u0131ndan g\u00f6ky\u00fcz\u00fcnde y\u00fckselen yo\u011fun beyaz dumanlar ve etrafa yay\u0131lan gaz kokusunun m\u00fcdahaleler s\u00fcr\u00fcyor. Edinilen bilgiye g\u00f6re, Pamukkale il\u00e7esi Aktepe Mahallesi\u2019nde, sondaj \u00e7al\u0131\u015fmalar\u0131nda i\u015f makinesinin m\u00fcdahalesi s\u0131ras\u0131nda do\u011falgaz hatt\u0131nda patlama meydana geldi. Olay sonras\u0131 ihbar \u00fczerine b\u00f6lgeye k\u0131sa s\u00fcrede&#8230;<\/p>\n","protected":false},"author":1,"featured_media":49541,"comment_status":"open","ping_status":"open","sticky":false,"template":"","format":"standard","meta":{"_crdt_document":"","footnotes":""},"categories":[5],"tags":[],"class_list":["post-49540","post","type-post","status-publish","format-standard","has-post-thumbnail","hentry","category-asayis"],"_links":{"self":[{"href":"https:\/\/www.egemtv.com\/index.php?rest_route=\/wp\/v2\/posts\/49540","targetHints":{"allow":["GET"]}}],"collection":[{"href":"https:\/\/www.egemtv.com\/index.php?rest_route=\/wp\/v2\/posts"}],"about":[{"href":"https:\/\/www.egemtv.com\/index.php?rest_route=\/wp\/v2\/types\/post"}],"author":[{"embeddable":true,"href":"https:\/\/www.egemtv.com\/index.php?rest_route=\/wp\/v2\/users\/1"}],"replies":[{"embeddable":true,"href":"https:\/\/www.egemtv.com\/index.php?rest_route=%2Fwp%2Fv2%2Fcomments&post=49540"}],"version-history":[{"count":1,"href":"https:\/\/www.egemtv.com\/index.php?rest_route=\/wp\/v2\/posts\/49540\/revisions"}],"predecessor-version":[{"id":49542,"href":"https:\/\/www.egemtv.com\/index.php?rest_route=\/wp\/v2\/posts\/49540\/revisions\/49542"}],"wp:featuredmedia":[{"embeddable":true,"href":"https:\/\/www.egemtv.com\/index.php?rest_route=\/wp\/v2\/media\/49541"}],"wp:attachment":[{"href":"https:\/\/www.egemtv.com\/index.php?rest_route=%2Fwp%2Fv2%2Fmedia&parent=49540"}],"wp:term":[{"taxonomy":"category","embeddable":true,"href":"https:\/\/www.egemtv.com\/index.php?rest_route=%2Fwp%2Fv2%2Fcategories&post=49540"},{"taxonomy":"post_tag","embeddable":true,"href":"https:\/\/www.egemtv.com\/index.php?rest_route=%2Fwp%2Fv2%2Ftags&post=49540"}],"curies":[{"name":"wp","href":"https:\/\/api.w.org\/{rel}","templated":true}]}}