{"id":49537,"date":"2025-08-18T13:14:53","date_gmt":"2025-08-18T10:14:53","guid":{"rendered":"https:\/\/www.egemtv.com\/?p=49537"},"modified":"2025-08-18T13:14:54","modified_gmt":"2025-08-18T10:14:54","slug":"orucoglu-termal-otelden-sonbahar-tatili-icin-huzur-ve-sifa-dolu-hazirliklar","status":"publish","type":"post","link":"https:\/\/www.egemtv.com\/?p=49537","title":{"rendered":"Oru\u00e7o\u011flu Termal Otel\u2019den sonbahar tatili i\u00e7in huzur ve \u015fifa dolu haz\u0131rl\u0131klar"},"content":{"rendered":"<p>T\u00fcrkiye\u2019nin en k\u00f6kl\u00fc termal otellerinden biri olan Oru\u00e7o\u011flu Termal Otel, sonbahar sezonuna g\u00fc\u00e7l\u00fc bir haz\u0131rl\u0131k s\u00fcreciyle giri\u015f yapt\u0131.<br \/>\n<br \/>Do\u011fal termal kaynaklar\u0131, geni\u015f peyzaj\u0131 ve sa\u011fl\u0131k odakl\u0131 hizmet konseptiyle tan\u0131nan tesis, eyl\u00fcl ve ekim aylar\u0131na \u00f6zel olarak hem konaklama hem de sa\u011fl\u0131k destekli uygulamalarla yeni d\u00f6neme merhaba diyor. Sonbahar\u0131n sakinli\u011fini sa\u011fl\u0131kla bulu\u015fturan Oru\u00e7o\u011flu, bu y\u0131l da ziyaret\u00e7ilerine do\u011fa ile i\u00e7 i\u00e7e huzurlu bir tatil deneyimi sunmay\u0131 hedefliyor.<\/p>\n<p>Termal su ile b\u00fct\u00fcnle\u015fen bir sonbahar deneyimi<br \/>\n<br \/>Oru\u00e7o\u011flu Termal Otel\u2019in sundu\u011fu termal su, Afyonkarahisar\u2019\u0131n en zengin i\u00e7erikli do\u011fal kaynaklar\u0131 aras\u0131nda yer al\u0131yor. \u00d6zellikle sonbahar aylar\u0131nda art\u0131\u015f g\u00f6steren kas, eklem ve romatizmal \u015fik\u00e2yetler, bu \u015fifal\u0131 sularla yap\u0131lan k\u00fcrlerle hafifletilmeye \u00e7al\u0131\u015f\u0131l\u0131yor. Otel b\u00fcnyesinde yer alan kapal\u0131 ve a\u00e7\u0131k termal havuzlar, ki\u015fiye \u00f6zel aile banyolar\u0131, kad\u0131nlara \u00f6zel alanlar ve spa merkezi, sonbahar d\u00f6neminde v\u00fccudu yenilemek isteyenler i\u00e7in dikkat \u00e7ekici bir alternatif olu\u015fturuyor.<br \/>\n<br \/>Uzmanlar, mevsim ge\u00e7i\u015flerinde ba\u011f\u0131\u015f\u0131kl\u0131k sistemini g\u00fc\u00e7lendirmek, dola\u015f\u0131m\u0131 desteklemek ve kronik rahats\u0131zl\u0131klara kar\u015f\u0131 do\u011fal bir koruma sa\u011flamak i\u00e7in d\u00fczenli termal k\u00fcrlerin \u00f6nemine dikkat \u00e7ekiyor. Oru\u00e7o\u011flu, bu ihtiyaca kar\u015f\u0131l\u0131k olarak k\u00fcr hizmetlerini mevsime uygun hale getirerek misafirlerine kapsaml\u0131 bir sa\u011fl\u0131k deneyimi sunuyor.<\/p>\n<p>Do\u011fayla i\u00e7 i\u00e7e konum ve yava\u015flayan zaman<br \/>\n<br \/>Sonbahar\u0131n getirdi\u011fi sakinlik, Oru\u00e7o\u011flu Termal Otel\u2019in geni\u015f bah\u00e7elerinde, y\u00fcr\u00fcy\u00fc\u015f yollar\u0131nda ve a\u00e7\u0131k alan etkinliklerinde kendini g\u00f6steriyor. Do\u011fan\u0131n yava\u015flad\u0131\u011f\u0131, renklerin sar\u0131ya ve k\u0131z\u0131la d\u00f6nd\u00fc\u011f\u00fc bu mevsimde, otel \u00e7evresinde yap\u0131lan y\u00fcr\u00fcy\u00fc\u015fler ve a\u00e7\u0131k hava aktiviteleri misafirlere adeta bir terapi etkisi olu\u015fturuyor. Otelin geni\u015f peyzaj\u0131 i\u00e7inde yer alan sessiz dinlenme alanlar\u0131, meditasyon ve kitap okuma k\u00f6\u015feleri, huzur arayanlar i\u00e7in \u00f6zel olarak yeniden d\u00fczenleniyor.<br \/>\n<br \/>Ayr\u0131ca \u00e7evredeki do\u011fal g\u00fczellikleri ke\u015ffetmek isteyen misafirler i\u00e7in organize edilen do\u011fa y\u00fcr\u00fcy\u00fc\u015fleri, k\u00fclt\u00fcrel geziler ve do\u011fa foto\u011fraf\u00e7\u0131l\u0131\u011f\u0131 etkinlikleri de sezon boyunca devam ediyor.<\/p>\n<p>Spa ve wellness hizmetlerinde mevsimsel yenilikler<br \/>\n<br \/>Oru\u00e7o\u011flu Termal Otel, spa ve wellness hizmetlerini sonbahar d\u00f6nemine \u00f6zel olarak g\u00fcncelledi. Cilt kurulu\u011funun artt\u0131\u011f\u0131 bu mevsimde, do\u011fal bitkisel ya\u011flarla yap\u0131lan masaj uygulamalar\u0131 ve mevsime \u00f6zel bak\u0131m rit\u00fcelleri \u00f6ne \u00e7\u0131k\u0131yor. Termal cilt maskeleri, aromaterapi uygulamalar\u0131, infrared sauna ve buhar odas\u0131 gibi se\u00e7eneklerle misafirler hem bedenlerini hem de zihinlerini dinlendirme imk\u00e2n\u0131 buluyor.<br \/>\n<br \/>Otelde g\u00f6revli uzman terapistler taraf\u0131ndan ki\u015fiye \u00f6zel olarak sunulan masaj ve terapi se\u00e7enekleri, sonbahar\u0131n yava\u015flayan ritmine uyum sa\u011flamak isteyen misafirlerin be\u011fenisine sunuluyor. Bu hizmetler, y\u0131l\u0131n bu d\u00f6neminde \u00f6zellikle yo\u011fun i\u015f temposundan uzakla\u015fmak isteyen misafirler i\u00e7in b\u00fcy\u00fck ilgi g\u00f6r\u00fcyor.<\/p>\n<p>G\u00fcvenli ve donan\u0131ml\u0131 hizmet altyap\u0131s\u0131<br \/>\n<br \/>Oru\u00e7o\u011flu Termal Otel, T\u00fcrkiye\u2019nin termal turizm destinasyonlar\u0131 aras\u0131nda \u00f6nemli bir yere sahip olan Afyonkarahisar\u2019da, 5 y\u0131ld\u0131zl\u0131 tesis altyap\u0131s\u0131yla \u00f6ne \u00e7\u0131k\u0131yor. Geni\u015f konaklama kapasitesi, sa\u011fl\u0131k hizmetleriyle entegre \u00e7al\u0131\u015fan wellness merkezi ve do\u011fal kaynaklardan beslenen termal havuzlar\u0131yla, y\u0131l\u0131n 12 ay\u0131 boyunca yerli ve yabanc\u0131 misafirleri a\u011f\u0131rl\u0131yor.<br \/>\n<br \/>Otelde sunulan sa\u011fl\u0131k destekli hizmetler, sadece tatil amac\u0131yla de\u011fil, ayn\u0131 zamanda iyile\u015fme s\u00fcrecini desteklemek isteyen bireyler i\u00e7in de ciddi bir alternatif sunuyor. Oru\u00e7o\u011flu, \u00f6zellikle sonbahar aylar\u0131nda artan termal talebe y\u00f6nelik kapasite ve hizmet kalitesini y\u00fckseltmeyi s\u00fcrd\u00fcr\u00fcyor.<\/p>\n<p>Sa\u011fl\u0131kl\u0131 ve y\u00f6resel lezzetler \u00f6n planda<br \/>\n<br \/>Mevsimsel de\u011fi\u015fikliklerle birlikte otelin gastronomi birimi de sonbahara \u00f6zg\u00fc men\u00fclerini misafirlerle bulu\u015fturuyor. Ba\u011f\u0131\u015f\u0131kl\u0131k sistemini destekleyen do\u011fal \u00fcr\u00fcnlerle haz\u0131rlanan \u00e7orbalar, s\u0131cak y\u00f6resel lezzetler ve hafif tatl\u0131larla dolu men\u00fcler, sa\u011fl\u0131kl\u0131 beslenmeye \u00f6nem veren konuklara hitap ediyor.<br \/>\n<br \/>Oru\u00e7o\u011flu mutfa\u011f\u0131nda mevsime uygun olarak haz\u0131rlanan \u00f6zel beslenme alternatifleri &#8211; vegan, glutensiz ve diyabetik men\u00fcler yer al\u0131yor. Misafirlerin taleplerine g\u00f6re haz\u0131rlanan bu ki\u015fisel men\u00fc se\u00e7enekleri, tatilin sa\u011fl\u0131kl\u0131 y\u00f6n\u00fcn\u00fc destekliyor.<\/p>\n<p>Kurumsal toplant\u0131 ve motivasyon d\u00f6nemi ba\u015fl\u0131yor<br \/>\n<br \/>Eyl\u00fcl ve ekim aylar\u0131, \u015firketler i\u00e7in de toplant\u0131 ve motivasyon organizasyonlar\u0131 a\u00e7\u0131s\u0131ndan hareketli bir d\u00f6nem olarak kabul ediliyor. Oru\u00e7o\u011flu Termal Otel, bu d\u00f6nemde artan taleplere cevap verebilmek ad\u0131na toplant\u0131 salonlar\u0131n\u0131 yeniledi ve kurumsal gruplara \u00f6zel konaklama paketleriyle hizmet vermeye ba\u015flad\u0131.<br \/>\n<br \/>Modern ekipmanlarla donat\u0131lm\u0131\u015f toplant\u0131 salonlar\u0131, i\u015f d\u00fcnyas\u0131n\u0131n ihtiya\u00e7lar\u0131n\u0131 kar\u015f\u0131layacak \u015fekilde yap\u0131land\u0131r\u0131l\u0131rken, aralarda sunulan sa\u011fl\u0131kl\u0131 ikramlar ve termal dinlenme imkanlar\u0131, toplant\u0131 deneyimini verimli ve dinlendirici bir hale getiriyor.<\/p>\n<p>Sonbahar termal tatiliyle haz\u0131rl\u0131k<br \/>\n<br \/>Uzmanlara g\u00f6re, k\u0131\u015f aylar\u0131nda ba\u011f\u0131\u015f\u0131kl\u0131k sistemini g\u00fc\u00e7l\u00fc tutmak ve mevsimsel rahats\u0131zl\u0131klar\u0131n \u00f6n\u00fcne ge\u00e7mek i\u00e7in sonbahar d\u00f6neminde al\u0131nacak \u00f6nlemler b\u00fcy\u00fck \u00f6nem ta\u015f\u0131yor. Bu s\u00fcre\u00e7te d\u00fczenli termal k\u00fcrler, sa\u011fl\u0131kl\u0131 beslenme ve dinlendirici bir tatil, v\u00fccut direncini art\u0131rmaya yard\u0131mc\u0131 olabilir.<br \/>\n<br \/>Oru\u00e7o\u011flu Termal Otel, bu ihtiyaca y\u00f6nelik olarak sundu\u011fu ba\u011f\u0131\u015f\u0131kl\u0131\u011f\u0131 destekleyici uygulamalar, fizik tedavi ve spa programlar\u0131 ile misafirlerine hem bedensel hem zihinsel bir yenilenme ortam\u0131 sunuyor. Sonbahar\u0131n sakin atmosferinde yap\u0131lan termal tatil, hem gev\u015femeye hem de k\u0131\u015fa daha sa\u011fl\u0131kl\u0131 bir ba\u015flang\u0131\u00e7 yapmaya imkan tan\u0131yor.<br \/><\/p>\n","protected":false},"excerpt":{"rendered":"<p>T\u00fcrkiye\u2019nin en k\u00f6kl\u00fc termal otellerinden biri olan Oru\u00e7o\u011flu Termal Otel, sonbahar sezonuna g\u00fc\u00e7l\u00fc bir haz\u0131rl\u0131k s\u00fcreciyle giri\u015f yapt\u0131. Do\u011fal termal kaynaklar\u0131, geni\u015f peyzaj\u0131 ve sa\u011fl\u0131k odakl\u0131 hizmet konseptiyle tan\u0131nan tesis, eyl\u00fcl ve ekim aylar\u0131na \u00f6zel olarak hem konaklama hem de sa\u011fl\u0131k destekli uygulamalarla yeni d\u00f6neme merhaba diyor. Sonbahar\u0131n sakinli\u011fini sa\u011fl\u0131kla bulu\u015fturan Oru\u00e7o\u011flu, bu y\u0131l da&#8230;<\/p>\n","protected":false},"author":1,"featured_media":49538,"comment_status":"open","ping_status":"open","sticky":false,"template":"","format":"standard","meta":{"_crdt_document":"","footnotes":""},"categories":[1],"tags":[],"class_list":["post-49537","post","type-post","status-publish","format-standard","has-post-thumbnail","hentry","category-guncel"],"_links":{"self":[{"href":"https:\/\/www.egemtv.com\/index.php?rest_route=\/wp\/v2\/posts\/49537","targetHints":{"allow":["GET"]}}],"collection":[{"href":"https:\/\/www.egemtv.com\/index.php?rest_route=\/wp\/v2\/posts"}],"about":[{"href":"https:\/\/www.egemtv.com\/index.php?rest_route=\/wp\/v2\/types\/post"}],"author":[{"embeddable":true,"href":"https:\/\/www.egemtv.com\/index.php?rest_route=\/wp\/v2\/users\/1"}],"replies":[{"embeddable":true,"href":"https:\/\/www.egemtv.com\/index.php?rest_route=%2Fwp%2Fv2%2Fcomments&post=49537"}],"version-history":[{"count":1,"href":"https:\/\/www.egemtv.com\/index.php?rest_route=\/wp\/v2\/posts\/49537\/revisions"}],"predecessor-version":[{"id":49539,"href":"https:\/\/www.egemtv.com\/index.php?rest_route=\/wp\/v2\/posts\/49537\/revisions\/49539"}],"wp:featuredmedia":[{"embeddable":true,"href":"https:\/\/www.egemtv.com\/index.php?rest_route=\/wp\/v2\/media\/49538"}],"wp:attachment":[{"href":"https:\/\/www.egemtv.com\/index.php?rest_route=%2Fwp%2Fv2%2Fmedia&parent=49537"}],"wp:term":[{"taxonomy":"category","embeddable":true,"href":"https:\/\/www.egemtv.com\/index.php?rest_route=%2Fwp%2Fv2%2Fcategories&post=49537"},{"taxonomy":"post_tag","embeddable":true,"href":"https:\/\/www.egemtv.com\/index.php?rest_route=%2Fwp%2Fv2%2Ftags&post=49537"}],"curies":[{"name":"wp","href":"https:\/\/api.w.org\/{rel}","templated":true}]}}