{"id":49534,"date":"2025-08-18T13:14:52","date_gmt":"2025-08-18T10:14:52","guid":{"rendered":"https:\/\/www.egemtv.com\/?p=49534"},"modified":"2025-08-18T13:14:53","modified_gmt":"2025-08-18T10:14:53","slug":"simav-golcuk-yaylasina-piknikcilerin-attigi-copler-pes-dedirtti","status":"publish","type":"post","link":"https:\/\/www.egemtv.com\/?p=49534","title":{"rendered":"Simav G\u00f6lc\u00fck Yaylas\u0131na piknik\u00e7ilerin att\u0131\u011f\u0131 \u00e7\u00f6pler &#8220;pes&#8221; dedirtti"},"content":{"rendered":"<p>K\u00fctahya\u2019n\u0131n Simav il\u00e7esinde bulunan G\u00f6lc\u00fck mesire alan\u0131na piknik\u00e7ilerin att\u0131klar\u0131 \u00e7\u00f6pler, &#8220;bu kadar\u0131na da pes&#8221; dedirtti.<br \/>\n<br \/>Bin 450 rak\u0131ml\u0131 do\u011fa harikas\u0131 G\u00f6lc\u00fck mesire alan\u0131na piknik amac\u0131yla gelen vatanda\u015flara Simav Belediyesi taraf\u0131ndan \u00fccretsiz \u00e7\u00f6p po\u015feti da\u011f\u0131t\u0131lmas\u0131na ve belirli noktalarda \u00e7\u00f6p konteynerleri konmas\u0131na ra\u011fmen piknik yapma k\u00fclt\u00fcr\u00fcnden yoksun baz\u0131 ki\u015filerin ulu orta \u00e7evreye att\u0131klar\u0131 \u00e7\u00f6pler y\u00fcz\u00fcnden Simav\u2019\u0131n cennet mesire alan\u0131 g\u00f6z g\u00f6re g\u00f6re \u00e7\u00f6pl\u00fc\u011fe d\u00f6n\u00fc\u015f\u00fcyor. Simav Belediyesi temizlik i\u015f\u00e7ileri s\u00fcrekli mesire alan\u0131nda temizlik \u00e7al\u0131\u015fmas\u0131 yaparken, at\u0131lan \u00e7\u00f6plerin aras\u0131nda yang\u0131na sebebiyet verebilecek cam \u015fi\u015felerin yan\u0131 s\u0131ra \u00e7ocuk bezlerinin de bulunmas\u0131, &#8220;bu kadar\u0131na da pes&#8221; dedirtti. At\u0131lan \u00e7\u00f6pler nedeniyle mesire alan\u0131n\u0131n i\u00e7inde temiz, oturacak ve piknik yapacak yer bulamakta zorland\u0131klar\u0131n\u0131 s\u00f6yleyen vatanda\u015flar, konu ile ilgili yetkililerin harekete ge\u00e7mesini, \u00e7evreyi kirletenlerin tespit edilmesi durumunda cezaland\u0131r\u0131lmas\u0131n\u0131 istediler.<br \/><\/p>\n","protected":false},"excerpt":{"rendered":"<p>K\u00fctahya\u2019n\u0131n Simav il\u00e7esinde bulunan G\u00f6lc\u00fck mesire alan\u0131na piknik\u00e7ilerin att\u0131klar\u0131 \u00e7\u00f6pler, &#8220;bu kadar\u0131na da pes&#8221; dedirtti. Bin 450 rak\u0131ml\u0131 do\u011fa harikas\u0131 G\u00f6lc\u00fck mesire alan\u0131na piknik amac\u0131yla gelen vatanda\u015flara Simav Belediyesi taraf\u0131ndan \u00fccretsiz \u00e7\u00f6p po\u015feti da\u011f\u0131t\u0131lmas\u0131na ve belirli noktalarda \u00e7\u00f6p konteynerleri konmas\u0131na ra\u011fmen piknik yapma k\u00fclt\u00fcr\u00fcnden yoksun baz\u0131 ki\u015filerin ulu orta \u00e7evreye att\u0131klar\u0131 \u00e7\u00f6pler y\u00fcz\u00fcnden Simav\u2019\u0131n cennet&#8230;<\/p>\n","protected":false},"author":1,"featured_media":49535,"comment_status":"open","ping_status":"open","sticky":false,"template":"","format":"standard","meta":{"_crdt_document":"","footnotes":""},"categories":[1],"tags":[],"class_list":["post-49534","post","type-post","status-publish","format-standard","has-post-thumbnail","hentry","category-guncel"],"_links":{"self":[{"href":"https:\/\/www.egemtv.com\/index.php?rest_route=\/wp\/v2\/posts\/49534","targetHints":{"allow":["GET"]}}],"collection":[{"href":"https:\/\/www.egemtv.com\/index.php?rest_route=\/wp\/v2\/posts"}],"about":[{"href":"https:\/\/www.egemtv.com\/index.php?rest_route=\/wp\/v2\/types\/post"}],"author":[{"embeddable":true,"href":"https:\/\/www.egemtv.com\/index.php?rest_route=\/wp\/v2\/users\/1"}],"replies":[{"embeddable":true,"href":"https:\/\/www.egemtv.com\/index.php?rest_route=%2Fwp%2Fv2%2Fcomments&post=49534"}],"version-history":[{"count":1,"href":"https:\/\/www.egemtv.com\/index.php?rest_route=\/wp\/v2\/posts\/49534\/revisions"}],"predecessor-version":[{"id":49536,"href":"https:\/\/www.egemtv.com\/index.php?rest_route=\/wp\/v2\/posts\/49534\/revisions\/49536"}],"wp:featuredmedia":[{"embeddable":true,"href":"https:\/\/www.egemtv.com\/index.php?rest_route=\/wp\/v2\/media\/49535"}],"wp:attachment":[{"href":"https:\/\/www.egemtv.com\/index.php?rest_route=%2Fwp%2Fv2%2Fmedia&parent=49534"}],"wp:term":[{"taxonomy":"category","embeddable":true,"href":"https:\/\/www.egemtv.com\/index.php?rest_route=%2Fwp%2Fv2%2Fcategories&post=49534"},{"taxonomy":"post_tag","embeddable":true,"href":"https:\/\/www.egemtv.com\/index.php?rest_route=%2Fwp%2Fv2%2Ftags&post=49534"}],"curies":[{"name":"wp","href":"https:\/\/api.w.org\/{rel}","templated":true}]}}