{"id":49531,"date":"2025-08-18T13:14:51","date_gmt":"2025-08-18T10:14:51","guid":{"rendered":"https:\/\/www.egemtv.com\/?p=49531"},"modified":"2025-08-18T13:14:52","modified_gmt":"2025-08-18T10:14:52","slug":"emette-otomobille-elektrikli-bisiklet-carpisti-1-olu","status":"publish","type":"post","link":"https:\/\/www.egemtv.com\/?p=49531","title":{"rendered":"Emet\u2019te otomobille elektrikli bisiklet \u00e7arp\u0131\u015ft\u0131: 1 \u00f6l\u00fc"},"content":{"rendered":"<p>K\u00fctahya\u2019n\u0131n Emet il\u00e7esinde otomobille elektrikli bisikletin kafa kafaya \u00e7arp\u0131\u015fmas\u0131 sonucu a\u011f\u0131r yaralanan bisiklet s\u00fcr\u00fcc\u00fcs\u00fc kald\u0131r\u0131ld\u0131\u011f\u0131 hastanede hayat\u0131n\u0131 kaybetti.<br \/>\n<br \/>Edinilen bilgiye g\u00f6re, T.G., y\u00f6netimindeki 43 PA 321 plakal\u0131 otomobil ile kar\u015f\u0131 y\u00f6nden gelen Celalettin \u0130hvan y\u00f6netimindeki \u00fc\u00e7 tekerlekli elektrikli bisiklet eski Emet-Tav\u015fanl\u0131 yolu Hur\u015fitler \u00e7iftli\u011fi yol ayr\u0131m\u0131nda kafa kafaya \u00e7arp\u0131\u015ft\u0131. Kazada a\u011f\u0131r yaralan elektrikli bisiklet s\u00fcr\u00fcc\u00fcs\u00fc Celalettin \u0130hvan sa\u011fl\u0131k ekipleri taraf\u0131ndan \u00f6nce Emet Dr. Faz\u0131l Do\u011fan Devlet Hastanesine, ard\u0131ndan K\u00fctahya \u015eehir Hastanesine sevk edildi. \u0130hvan, burada doktorlar\u0131n t\u00fcm m\u00fcdahalelere ra\u011fmen hayat\u0131n\u0131 kaybetti. Kazayla ilgili inceleme s\u00fcrerken, otomobil s\u00fcr\u00fcc\u00fcs\u00fc T.G., g\u00f6zalt\u0131na al\u0131nd\u0131.<br \/><\/p>\n","protected":false},"excerpt":{"rendered":"<p>K\u00fctahya\u2019n\u0131n Emet il\u00e7esinde otomobille elektrikli bisikletin kafa kafaya \u00e7arp\u0131\u015fmas\u0131 sonucu a\u011f\u0131r yaralanan bisiklet s\u00fcr\u00fcc\u00fcs\u00fc kald\u0131r\u0131ld\u0131\u011f\u0131 hastanede hayat\u0131n\u0131 kaybetti. Edinilen bilgiye g\u00f6re, T.G., y\u00f6netimindeki 43 PA 321 plakal\u0131 otomobil ile kar\u015f\u0131 y\u00f6nden gelen Celalettin \u0130hvan y\u00f6netimindeki \u00fc\u00e7 tekerlekli elektrikli bisiklet eski Emet-Tav\u015fanl\u0131 yolu Hur\u015fitler \u00e7iftli\u011fi yol ayr\u0131m\u0131nda kafa kafaya \u00e7arp\u0131\u015ft\u0131. Kazada a\u011f\u0131r yaralan elektrikli bisiklet s\u00fcr\u00fcc\u00fcs\u00fc&#8230;<\/p>\n","protected":false},"author":1,"featured_media":49532,"comment_status":"open","ping_status":"open","sticky":false,"template":"","format":"standard","meta":{"_crdt_document":"","footnotes":""},"categories":[5],"tags":[],"class_list":["post-49531","post","type-post","status-publish","format-standard","has-post-thumbnail","hentry","category-asayis"],"_links":{"self":[{"href":"https:\/\/www.egemtv.com\/index.php?rest_route=\/wp\/v2\/posts\/49531","targetHints":{"allow":["GET"]}}],"collection":[{"href":"https:\/\/www.egemtv.com\/index.php?rest_route=\/wp\/v2\/posts"}],"about":[{"href":"https:\/\/www.egemtv.com\/index.php?rest_route=\/wp\/v2\/types\/post"}],"author":[{"embeddable":true,"href":"https:\/\/www.egemtv.com\/index.php?rest_route=\/wp\/v2\/users\/1"}],"replies":[{"embeddable":true,"href":"https:\/\/www.egemtv.com\/index.php?rest_route=%2Fwp%2Fv2%2Fcomments&post=49531"}],"version-history":[{"count":1,"href":"https:\/\/www.egemtv.com\/index.php?rest_route=\/wp\/v2\/posts\/49531\/revisions"}],"predecessor-version":[{"id":49533,"href":"https:\/\/www.egemtv.com\/index.php?rest_route=\/wp\/v2\/posts\/49531\/revisions\/49533"}],"wp:featuredmedia":[{"embeddable":true,"href":"https:\/\/www.egemtv.com\/index.php?rest_route=\/wp\/v2\/media\/49532"}],"wp:attachment":[{"href":"https:\/\/www.egemtv.com\/index.php?rest_route=%2Fwp%2Fv2%2Fmedia&parent=49531"}],"wp:term":[{"taxonomy":"category","embeddable":true,"href":"https:\/\/www.egemtv.com\/index.php?rest_route=%2Fwp%2Fv2%2Fcategories&post=49531"},{"taxonomy":"post_tag","embeddable":true,"href":"https:\/\/www.egemtv.com\/index.php?rest_route=%2Fwp%2Fv2%2Ftags&post=49531"}],"curies":[{"name":"wp","href":"https:\/\/api.w.org\/{rel}","templated":true}]}}