{"id":49528,"date":"2025-08-18T12:54:40","date_gmt":"2025-08-18T09:54:40","guid":{"rendered":"https:\/\/www.egemtv.com\/?p=49528"},"modified":"2025-08-18T12:54:41","modified_gmt":"2025-08-18T09:54:41","slug":"baskan-kahveci-ata-sporumuz-yagli-guresleri-yasatacagiz","status":"publish","type":"post","link":"https:\/\/www.egemtv.com\/?p=49528","title":{"rendered":"Ba\u015fkan Kahveci: &#8220;Ata sporumuz ya\u011fl\u0131 g\u00fcre\u015fleri ya\u015fataca\u011f\u0131z&#8221;"},"content":{"rendered":"<p>Domani\u00e7 Belediyesi\u2019nin ev sahipli\u011finde d\u00fczenlenen 664. Geleneksel Domani\u00e7 Ya\u011fl\u0131 Pehlivan G\u00fcre\u015fleri, Ebe \u00c7aml\u0131\u011f\u0131 Er Meydan\u0131\u2019nda yo\u011fun kat\u0131l\u0131mla ger\u00e7ekle\u015ftirildi.<br \/>\n<br \/>Ba\u015fpehlivanl\u0131k, ba\u015falt\u0131, b\u00fcy\u00fck orta, k\u00fc\u00e7\u00fck orta, deste b\u00fcy\u00fck, deste k\u00fc\u00e7\u00fck, tozkoparan ve minikler gibi farkl\u0131 kategorilerde yap\u0131lan m\u00fcsabakalarda pehlivanlar k\u0131ran k\u0131rana m\u00fccadele etti. Centilmenlikleriyle izleyicilerin be\u011fenisini kazanan sporcular, er meydan\u0131nda unutulmaz anlar ya\u015fatt\u0131.<br \/>\n<br \/>Final m\u00fcsabakas\u0131nda Nedim G\u00fcrel, rakibi Ali G\u00fcrb\u00fcz\u2019\u00fc ma\u011flup ederek ba\u015fpehlivanl\u0131k unvan\u0131n\u0131 kazand\u0131. Arif Ak\u0131n ve Feyzullah Akt\u00fcrk ise \u00fc\u00e7\u00fcnc\u00fcl\u00fc\u011f\u00fc payla\u015ft\u0131. Belediye Ba\u015fkan\u0131 Ey\u00fcp Kahveci, Domani\u00e7\u2019in tarihi ve k\u00fclt\u00fcrel miras\u0131na dikkat \u00e7ekerek ya\u011fl\u0131 g\u00fcre\u015flerin ata sporu olarak nesilden nesile aktar\u0131lan \u00f6nemli bir de\u011fer oldu\u011funu vurgulad\u0131. Kahveci, organizasyona katk\u0131lar\u0131ndan dolay\u0131 Domani\u00e7 Belediye Ba\u015fkan\u0131 Engin Uysal ile G\u00fcre\u015f A\u011fas\u0131 \u0130smail Akg\u00fcne\u015f\u2019e te\u015fekk\u00fcr ederek pehlivanlara ba\u015far\u0131lar diledi.<br \/>\n<br \/>Dualarla ba\u015flayan g\u00fcre\u015flere; il protokol\u00fc, federasyon yetkilileri, sivil toplum kurulu\u015flar\u0131, siyasi parti temsilcileri ve \u00e7evre illerden gelen \u00e7ok say\u0131da sporsever kat\u0131ld\u0131.<br \/><\/p>\n","protected":false},"excerpt":{"rendered":"<p>Domani\u00e7 Belediyesi\u2019nin ev sahipli\u011finde d\u00fczenlenen 664. Geleneksel Domani\u00e7 Ya\u011fl\u0131 Pehlivan G\u00fcre\u015fleri, Ebe \u00c7aml\u0131\u011f\u0131 Er Meydan\u0131\u2019nda yo\u011fun kat\u0131l\u0131mla ger\u00e7ekle\u015ftirildi. Ba\u015fpehlivanl\u0131k, ba\u015falt\u0131, b\u00fcy\u00fck orta, k\u00fc\u00e7\u00fck orta, deste b\u00fcy\u00fck, deste k\u00fc\u00e7\u00fck, tozkoparan ve minikler gibi farkl\u0131 kategorilerde yap\u0131lan m\u00fcsabakalarda pehlivanlar k\u0131ran k\u0131rana m\u00fccadele etti. Centilmenlikleriyle izleyicilerin be\u011fenisini kazanan sporcular, er meydan\u0131nda unutulmaz anlar ya\u015fatt\u0131. Final m\u00fcsabakas\u0131nda Nedim G\u00fcrel,&#8230;<\/p>\n","protected":false},"author":1,"featured_media":49529,"comment_status":"open","ping_status":"open","sticky":false,"template":"","format":"standard","meta":{"_crdt_document":"","footnotes":""},"categories":[4],"tags":[],"class_list":["post-49528","post","type-post","status-publish","format-standard","has-post-thumbnail","hentry","category-spor"],"_links":{"self":[{"href":"https:\/\/www.egemtv.com\/index.php?rest_route=\/wp\/v2\/posts\/49528","targetHints":{"allow":["GET"]}}],"collection":[{"href":"https:\/\/www.egemtv.com\/index.php?rest_route=\/wp\/v2\/posts"}],"about":[{"href":"https:\/\/www.egemtv.com\/index.php?rest_route=\/wp\/v2\/types\/post"}],"author":[{"embeddable":true,"href":"https:\/\/www.egemtv.com\/index.php?rest_route=\/wp\/v2\/users\/1"}],"replies":[{"embeddable":true,"href":"https:\/\/www.egemtv.com\/index.php?rest_route=%2Fwp%2Fv2%2Fcomments&post=49528"}],"version-history":[{"count":1,"href":"https:\/\/www.egemtv.com\/index.php?rest_route=\/wp\/v2\/posts\/49528\/revisions"}],"predecessor-version":[{"id":49530,"href":"https:\/\/www.egemtv.com\/index.php?rest_route=\/wp\/v2\/posts\/49528\/revisions\/49530"}],"wp:featuredmedia":[{"embeddable":true,"href":"https:\/\/www.egemtv.com\/index.php?rest_route=\/wp\/v2\/media\/49529"}],"wp:attachment":[{"href":"https:\/\/www.egemtv.com\/index.php?rest_route=%2Fwp%2Fv2%2Fmedia&parent=49528"}],"wp:term":[{"taxonomy":"category","embeddable":true,"href":"https:\/\/www.egemtv.com\/index.php?rest_route=%2Fwp%2Fv2%2Fcategories&post=49528"},{"taxonomy":"post_tag","embeddable":true,"href":"https:\/\/www.egemtv.com\/index.php?rest_route=%2Fwp%2Fv2%2Ftags&post=49528"}],"curies":[{"name":"wp","href":"https:\/\/api.w.org\/{rel}","templated":true}]}}