{"id":49525,"date":"2025-08-18T12:54:39","date_gmt":"2025-08-18T09:54:39","guid":{"rendered":"https:\/\/www.egemtv.com\/?p=49525"},"modified":"2025-08-18T12:54:40","modified_gmt":"2025-08-18T09:54:40","slug":"beyagac-yagli-pehlivan-guresleri-kultur-ve-tarhana-festivali-icin-geri-sayim-basladi","status":"publish","type":"post","link":"https:\/\/www.egemtv.com\/?p=49525","title":{"rendered":"Beya\u011fa\u00e7 Ya\u011fl\u0131 Pehlivan G\u00fcre\u015fleri, K\u00fclt\u00fcr ve Tarhana Festivali i\u00e7in geri say\u0131m ba\u015flad\u0131"},"content":{"rendered":"<p>Beya\u011fa\u00e7 Belediyesi taraf\u0131ndan geleneksel olarak d\u00fczenlenen Ya\u011fl\u0131 Pehlivan G\u00fcre\u015flerinin yan\u0131nda bu y\u0131l ilk defa K\u00fclt\u00fcr ve Tarhana festivali d\u00fczenlenecek. Beya\u011fa\u00e7 Belediye Ba\u015fkan\u0131 Sezayi P\u00fct\u00fcn, bu y\u0131l ilk defa ger\u00e7ekle\u015ftirilecek olan K\u00fclt\u00fcr ve Tarhana Festivali co\u015fkusunu ya\u015famaya ve 14\u2019\u00fcnc\u00fc kez d\u00fczenlenecek olan Ya\u011fl\u0131 Pehlivan G\u00fcre\u015fleri heyecan\u0131n\u0131 ya\u015famaya t\u00fcm vatanda\u015flara davet etti.<\/p>\n<p>Beya\u011fa\u00e7 Belediyesi  taraf\u0131ndan geleneksel olarak d\u00fczenlen Ya\u011fl\u0131 Pehlivan G\u00fcre\u015flerinin yan\u0131 s\u0131ra bu y\u0131l ilk defa K\u00fclt\u00fcr ve Tarhana Festivali d\u00fczenlenecek. Beya\u011fa\u00e7 k\u00fclt\u00fcr\u00fcn\u00fc ve Beya\u011fa\u00e7 tarhanas\u0131n\u0131 d\u00fcnya markas\u0131 yapmak i\u00e7in ger\u00e7ekle\u015ftirilecek olan festivalde \u00e7e\u015fitli etkinlikler yer alacak. Festival 27 A\u011fustos \u00c7ar\u015famba g\u00fcn\u00fc Beya\u011fa\u00e7 Demokrasi meydan\u0131nda yap\u0131lacak olan t\u00f6renle ba\u015flay\u0131p 30 A\u011fustos Cumartesi g\u00fcn\u00fc Ya\u011fl\u0131 Pehlivan g\u00fcre\u015fleriyle son bulacak.<\/p>\n<p>Festival kapsam\u0131nda 27 A\u011fustos \u00c7ar\u015famba g\u00fcn\u00fc saat 21.00\u2019 Selim Baykal ve ard\u0131ndan 22.00 Efe G\u00fcng\u00f6r, 28 A\u011fustos 2025 Per\u015fembe g\u00fcn\u00fc 21.00 Serkan Dumano ve sonras\u0131nda 22.00 Nurcan Alt\u0131nok ve 29 A\u011fustos 2025 Cuma g\u00fcn\u00fc sevilen sanat\u00e7\u0131 Mustafa Y\u0131ld\u0131zdo\u011fan sahne alacak.<br \/><\/p>\n","protected":false},"excerpt":{"rendered":"<p>Beya\u011fa\u00e7 Belediyesi taraf\u0131ndan geleneksel olarak d\u00fczenlenen Ya\u011fl\u0131 Pehlivan G\u00fcre\u015flerinin yan\u0131nda bu y\u0131l ilk defa K\u00fclt\u00fcr ve Tarhana festivali d\u00fczenlenecek. Beya\u011fa\u00e7 Belediye Ba\u015fkan\u0131 Sezayi P\u00fct\u00fcn, bu y\u0131l ilk defa ger\u00e7ekle\u015ftirilecek olan K\u00fclt\u00fcr ve Tarhana Festivali co\u015fkusunu ya\u015famaya ve 14\u2019\u00fcnc\u00fc kez d\u00fczenlenecek olan Ya\u011fl\u0131 Pehlivan G\u00fcre\u015fleri heyecan\u0131n\u0131 ya\u015famaya t\u00fcm vatanda\u015flara davet etti. Beya\u011fa\u00e7 Belediyesi taraf\u0131ndan geleneksel olarak&#8230;<\/p>\n","protected":false},"author":1,"featured_media":49526,"comment_status":"open","ping_status":"open","sticky":false,"template":"","format":"standard","meta":{"_crdt_document":"","footnotes":""},"categories":[1],"tags":[],"class_list":["post-49525","post","type-post","status-publish","format-standard","has-post-thumbnail","hentry","category-guncel"],"_links":{"self":[{"href":"https:\/\/www.egemtv.com\/index.php?rest_route=\/wp\/v2\/posts\/49525","targetHints":{"allow":["GET"]}}],"collection":[{"href":"https:\/\/www.egemtv.com\/index.php?rest_route=\/wp\/v2\/posts"}],"about":[{"href":"https:\/\/www.egemtv.com\/index.php?rest_route=\/wp\/v2\/types\/post"}],"author":[{"embeddable":true,"href":"https:\/\/www.egemtv.com\/index.php?rest_route=\/wp\/v2\/users\/1"}],"replies":[{"embeddable":true,"href":"https:\/\/www.egemtv.com\/index.php?rest_route=%2Fwp%2Fv2%2Fcomments&post=49525"}],"version-history":[{"count":1,"href":"https:\/\/www.egemtv.com\/index.php?rest_route=\/wp\/v2\/posts\/49525\/revisions"}],"predecessor-version":[{"id":49527,"href":"https:\/\/www.egemtv.com\/index.php?rest_route=\/wp\/v2\/posts\/49525\/revisions\/49527"}],"wp:featuredmedia":[{"embeddable":true,"href":"https:\/\/www.egemtv.com\/index.php?rest_route=\/wp\/v2\/media\/49526"}],"wp:attachment":[{"href":"https:\/\/www.egemtv.com\/index.php?rest_route=%2Fwp%2Fv2%2Fmedia&parent=49525"}],"wp:term":[{"taxonomy":"category","embeddable":true,"href":"https:\/\/www.egemtv.com\/index.php?rest_route=%2Fwp%2Fv2%2Fcategories&post=49525"},{"taxonomy":"post_tag","embeddable":true,"href":"https:\/\/www.egemtv.com\/index.php?rest_route=%2Fwp%2Fv2%2Ftags&post=49525"}],"curies":[{"name":"wp","href":"https:\/\/api.w.org\/{rel}","templated":true}]}}