{"id":49522,"date":"2025-08-18T12:34:54","date_gmt":"2025-08-18T09:34:54","guid":{"rendered":"https:\/\/www.egemtv.com\/?p=49522"},"modified":"2025-08-18T12:34:55","modified_gmt":"2025-08-18T09:34:55","slug":"zirveye-gizlenmis-900-yillik-manastir-dogaseverlerin-rotasina-girmeye-devam-ediyor","status":"publish","type":"post","link":"https:\/\/www.egemtv.com\/?p=49522","title":{"rendered":"Zirveye gizlenmi\u015f 900 y\u0131ll\u0131k manast\u0131r, do\u011faseverlerin rotas\u0131na girmeye devam ediyor"},"content":{"rendered":"<p>Bir\u00e7ok yaban hayat\u0131na ev sahipli\u011fi yapan Dilek Yar\u0131madas\u0131 B\u00fcy\u00fck Menderes Deltas\u0131 Milli Park\u0131\u2019n\u0131n sigortas\u0131 olarak g\u00f6r\u00fclen Samson Da\u011flar\u0131\u2019n\u0131n tepesinde gizlenen 900 y\u0131ll\u0131k Kur\u015funlu Manast\u0131r\u0131, do\u011fa ve tarih severlerin rotas\u0131na girmeye devam ediyor.<\/p>\n<p>Ge\u00e7mi\u015finde bir\u00e7ok medeniyete ev sahipli\u011fi yapan Ayd\u0131n, her ge\u00e7en g\u00fcn cazibesini art\u0131rmaya devam ederken, do\u011fal g\u00fczellikleri ve tarihsel yap\u0131lar\u0131yla da yerli ve yabanc\u0131 turistlerin rotalar\u0131na giriyor. Tarihin gizemli y\u00f6nlerini ke\u015ffederek de\u011ferlendirmek isteyen vatanda\u015flar ise y\u00f6nlerini binlerce y\u0131ll\u0131k ge\u00e7mi\u015fi ile Ege\u2019nin incilerinden olan Ayd\u0131n\u2019a \u00e7eviriyor. Bu kapsamda Ku\u015fadas\u0131\u2019na ba\u011fl\u0131 Davutlar Mahallesi\u2019nde bulunan ve antik d\u00f6nemdeki ad\u0131yla Mykale\u2019nin (Samson Da\u011flar\u0131) 900 metre y\u00fcksekli\u011fine in\u015fa edilen Kur\u015funlu Manast\u0131r\u0131 da do\u011fa ve tarih severlerin y\u00fcr\u00fcy\u00fc\u015f rotalar\u0131nda yer almaya ba\u015flad\u0131. Uzun y\u0131llar ilgi bekleyen ve ge\u00e7ti\u011fimiz 2021 y\u0131l\u0131nda temizli\u011fi yap\u0131larak restorasyon \u00e7al\u0131\u015fmalar\u0131na ba\u015flanan manast\u0131r, adeta orman\u0131n i\u00e7ine gizlenmi\u015f vaziyetiyle ziyaret\u00e7ilerine tarih ve do\u011fan\u0131n g\u00fczelliklerini bir arada sunuyor. Davutlar Mahallesi\u2019nden 12 kilometrelik bir t\u0131rman\u0131\u015fla ula\u015f\u0131labilen manast\u0131r, her ge\u00e7en g\u00fcn dikkatleri \u00fczerine \u00e7ekerken, Ku\u015fadas\u0131\u2019nda inan\u00e7 turizminin yeni adresi olmaya aday g\u00f6steriliyor.<\/p>\n<p>Dilek Yar\u0131madas\u0131 B\u00fcy\u00fck Menderes Deltas\u0131 Milli Park\u0131\u2019n\u0131n do\u011fusunda, e\u015fsiz bitki zenginlikleri aras\u0131nda yer alan Kur\u015funlu Manast\u0131r\u0131, Bizans yap\u0131s\u0131 bir Ortodoks Manast\u0131r\u0131 olarak g\u00fcn\u00fcm\u00fcze kadar gelirken, manast\u0131r\u0131n 11. y\u00fczy\u0131lda kuruldu\u011fu tahmin ediliyor. Hazreti Meryem\u2019e ithaf edildi\u011fi bilinen manast\u0131r\u0131n, ikonaperestlerin ve dinsizlerin sald\u0131r\u0131lar\u0131na kar\u015f\u0131 savunma ve e\u011fitim amac\u0131yla, gizlenebilmeleri ve tap\u0131nabilmelerine uygun bir co\u011frafyada olmas\u0131 nedeniyle, bask\u0131dan ka\u00e7an din adamlar\u0131 taraf\u0131ndan kuruldu\u011fu d\u00fc\u015f\u00fcn\u00fcl\u00fcyor. Etraf\u0131 duvarlarla \u00e7evrili Kur\u015funlu Manast\u0131r\u0131\u2019n\u0131n merkezinde bir kilise bulunurken, manast\u0131r duvarlar\u0131n\u0131n d\u0131\u015f\u0131nda 100 metre do\u011fusunda bir mezar \u015fapeli de yer al\u0131yor.<br \/><\/p>\n","protected":false},"excerpt":{"rendered":"<p>Bir\u00e7ok yaban hayat\u0131na ev sahipli\u011fi yapan Dilek Yar\u0131madas\u0131 B\u00fcy\u00fck Menderes Deltas\u0131 Milli Park\u0131\u2019n\u0131n sigortas\u0131 olarak g\u00f6r\u00fclen Samson Da\u011flar\u0131\u2019n\u0131n tepesinde gizlenen 900 y\u0131ll\u0131k Kur\u015funlu Manast\u0131r\u0131, do\u011fa ve tarih severlerin rotas\u0131na girmeye devam ediyor. Ge\u00e7mi\u015finde bir\u00e7ok medeniyete ev sahipli\u011fi yapan Ayd\u0131n, her ge\u00e7en g\u00fcn cazibesini art\u0131rmaya devam ederken, do\u011fal g\u00fczellikleri ve tarihsel yap\u0131lar\u0131yla da yerli ve yabanc\u0131&#8230;<\/p>\n","protected":false},"author":1,"featured_media":49523,"comment_status":"open","ping_status":"open","sticky":false,"template":"","format":"standard","meta":{"_crdt_document":"","footnotes":""},"categories":[1],"tags":[],"class_list":["post-49522","post","type-post","status-publish","format-standard","has-post-thumbnail","hentry","category-guncel"],"_links":{"self":[{"href":"https:\/\/www.egemtv.com\/index.php?rest_route=\/wp\/v2\/posts\/49522","targetHints":{"allow":["GET"]}}],"collection":[{"href":"https:\/\/www.egemtv.com\/index.php?rest_route=\/wp\/v2\/posts"}],"about":[{"href":"https:\/\/www.egemtv.com\/index.php?rest_route=\/wp\/v2\/types\/post"}],"author":[{"embeddable":true,"href":"https:\/\/www.egemtv.com\/index.php?rest_route=\/wp\/v2\/users\/1"}],"replies":[{"embeddable":true,"href":"https:\/\/www.egemtv.com\/index.php?rest_route=%2Fwp%2Fv2%2Fcomments&post=49522"}],"version-history":[{"count":1,"href":"https:\/\/www.egemtv.com\/index.php?rest_route=\/wp\/v2\/posts\/49522\/revisions"}],"predecessor-version":[{"id":49524,"href":"https:\/\/www.egemtv.com\/index.php?rest_route=\/wp\/v2\/posts\/49522\/revisions\/49524"}],"wp:featuredmedia":[{"embeddable":true,"href":"https:\/\/www.egemtv.com\/index.php?rest_route=\/wp\/v2\/media\/49523"}],"wp:attachment":[{"href":"https:\/\/www.egemtv.com\/index.php?rest_route=%2Fwp%2Fv2%2Fmedia&parent=49522"}],"wp:term":[{"taxonomy":"category","embeddable":true,"href":"https:\/\/www.egemtv.com\/index.php?rest_route=%2Fwp%2Fv2%2Fcategories&post=49522"},{"taxonomy":"post_tag","embeddable":true,"href":"https:\/\/www.egemtv.com\/index.php?rest_route=%2Fwp%2Fv2%2Ftags&post=49522"}],"curies":[{"name":"wp","href":"https:\/\/api.w.org\/{rel}","templated":true}]}}