{"id":49519,"date":"2025-08-18T12:34:53","date_gmt":"2025-08-18T09:34:53","guid":{"rendered":"https:\/\/www.egemtv.com\/?p=49519"},"modified":"2025-08-18T12:34:54","modified_gmt":"2025-08-18T09:34:54","slug":"muglada-arili-kovan-destekleme-tespit-calismasi-yapildi","status":"publish","type":"post","link":"https:\/\/www.egemtv.com\/?p=49519","title":{"rendered":"Mu\u011fla\u2019da ar\u0131l\u0131 kovan destekleme tespit \u00e7al\u0131\u015fmas\u0131 yap\u0131ld\u0131"},"content":{"rendered":"<p>2025 ar\u0131l\u0131 kovan desteklemeleri i\u00e7in tespit \u00e7al\u0131\u015fmalar\u0131 ba\u015flad\u0131. Mu\u011fla\u2019daki ar\u0131 konaklama noktalar\u0131nda bulunan kovanlar, tar\u0131m ekipleri taraf\u0131ndan destekleme \u00e7al\u0131\u015fmalar\u0131 kapsam\u0131nda titizlikle say\u0131l\u0131yor.<br \/>\n<br \/>D\u00fcnya \u00e7am bal\u0131 ba\u015fkenti ve T\u00fcrkiye\u2019de en fazla ar\u0131 kovan\u0131na sahip il olan Mu\u011fla\u2019da, ar\u0131 kovan\u0131 destekleme tespit \u00e7al\u0131\u015fmalar\u0131 ba\u015flad\u0131. Mu\u011fla \u0130l ve \u0130l\u00e7e Tar\u0131m M\u00fcd\u00fcrl\u00fckleri ekipleri taraf\u0131ndan ar\u0131 konaklama noktalar\u0131nda bulunan kovanlar say\u0131m i\u015flemleriyle kay\u0131t alt\u0131na al\u0131n\u0131yor.<br \/>\n<br \/>\u00c7am bal\u0131 \u00fcretiminde hem T\u00fcrkiye\u2019de hem de d\u00fcnyada ilk s\u0131rada yer alan Mu\u011fla\u2019da, A\u011fustos ay\u0131 sonunda T\u00fcrkiye\u2019nin farkl\u0131 b\u00f6lgelerinden gelen yakla\u015f\u0131k 4 milyon ar\u0131 kovan\u0131n\u0131n konaklamas\u0131 bekleniyor.<br \/><\/p>\n","protected":false},"excerpt":{"rendered":"<p>2025 ar\u0131l\u0131 kovan desteklemeleri i\u00e7in tespit \u00e7al\u0131\u015fmalar\u0131 ba\u015flad\u0131. Mu\u011fla\u2019daki ar\u0131 konaklama noktalar\u0131nda bulunan kovanlar, tar\u0131m ekipleri taraf\u0131ndan destekleme \u00e7al\u0131\u015fmalar\u0131 kapsam\u0131nda titizlikle say\u0131l\u0131yor. D\u00fcnya \u00e7am bal\u0131 ba\u015fkenti ve T\u00fcrkiye\u2019de en fazla ar\u0131 kovan\u0131na sahip il olan Mu\u011fla\u2019da, ar\u0131 kovan\u0131 destekleme tespit \u00e7al\u0131\u015fmalar\u0131 ba\u015flad\u0131. Mu\u011fla \u0130l ve \u0130l\u00e7e Tar\u0131m M\u00fcd\u00fcrl\u00fckleri ekipleri taraf\u0131ndan ar\u0131 konaklama noktalar\u0131nda bulunan kovanlar&#8230;<\/p>\n","protected":false},"author":1,"featured_media":49520,"comment_status":"open","ping_status":"open","sticky":false,"template":"","format":"standard","meta":{"_crdt_document":"","footnotes":""},"categories":[125],"tags":[],"class_list":["post-49519","post","type-post","status-publish","format-standard","has-post-thumbnail","hentry","category-ekonomi"],"_links":{"self":[{"href":"https:\/\/www.egemtv.com\/index.php?rest_route=\/wp\/v2\/posts\/49519","targetHints":{"allow":["GET"]}}],"collection":[{"href":"https:\/\/www.egemtv.com\/index.php?rest_route=\/wp\/v2\/posts"}],"about":[{"href":"https:\/\/www.egemtv.com\/index.php?rest_route=\/wp\/v2\/types\/post"}],"author":[{"embeddable":true,"href":"https:\/\/www.egemtv.com\/index.php?rest_route=\/wp\/v2\/users\/1"}],"replies":[{"embeddable":true,"href":"https:\/\/www.egemtv.com\/index.php?rest_route=%2Fwp%2Fv2%2Fcomments&post=49519"}],"version-history":[{"count":1,"href":"https:\/\/www.egemtv.com\/index.php?rest_route=\/wp\/v2\/posts\/49519\/revisions"}],"predecessor-version":[{"id":49521,"href":"https:\/\/www.egemtv.com\/index.php?rest_route=\/wp\/v2\/posts\/49519\/revisions\/49521"}],"wp:featuredmedia":[{"embeddable":true,"href":"https:\/\/www.egemtv.com\/index.php?rest_route=\/wp\/v2\/media\/49520"}],"wp:attachment":[{"href":"https:\/\/www.egemtv.com\/index.php?rest_route=%2Fwp%2Fv2%2Fmedia&parent=49519"}],"wp:term":[{"taxonomy":"category","embeddable":true,"href":"https:\/\/www.egemtv.com\/index.php?rest_route=%2Fwp%2Fv2%2Fcategories&post=49519"},{"taxonomy":"post_tag","embeddable":true,"href":"https:\/\/www.egemtv.com\/index.php?rest_route=%2Fwp%2Fv2%2Ftags&post=49519"}],"curies":[{"name":"wp","href":"https:\/\/api.w.org\/{rel}","templated":true}]}}