{"id":49516,"date":"2025-08-18T12:34:52","date_gmt":"2025-08-18T09:34:52","guid":{"rendered":"https:\/\/www.egemtv.com\/?p=49516"},"modified":"2025-08-18T12:34:53","modified_gmt":"2025-08-18T09:34:53","slug":"pazar-yerinde-3-kisi-bir-genci-tekme-tokat-dovdu","status":"publish","type":"post","link":"https:\/\/www.egemtv.com\/?p=49516","title":{"rendered":"Pazar yerinde 3 ki\u015fi, bir genci tekme tokat d\u00f6vd\u00fc"},"content":{"rendered":"<p>Burdur\u2019un G\u00f6lhisar il\u00e7esinde, Pazar yerinde hen\u00fcz bilinmeyen bir nedenle \u00e7\u0131kan kavgada 3 ki\u015fi, araya ald\u0131klar\u0131 genci tekme tokat d\u00f6vd\u00fc. Kanlar i\u00e7inde kalan genci vatanda\u015flar kurtard\u0131. G\u00f6zalt\u0131na al\u0131nan grup, adli kontrol \u015fart\u0131yla serbest b\u0131rak\u0131ld\u0131.<br \/>\n<br \/>Olay, ge\u00e7ti\u011fimiz cumartesi g\u00fcn\u00fc saat 19.00 s\u0131ralar\u0131nda Burdur\u2019un G\u00f6lhisar il\u00e7esi Pazar Mahallesi Pazar yerinde meydana geldi. Edinilen bilgilere g\u00f6re yabanc\u0131 uyruklu Turki E. (28) ile H\u00fcseyin D. (52), Melih D. (24) ve Ayaz A. (25) aras\u0131nda hen\u00fcz bilinmeyen bir nedenle tart\u0131\u015fma \u00e7\u0131kt\u0131. Tart\u0131\u015fman\u0131n b\u00fcy\u00fcmesiyle H\u00fcseyin D., Melih D. ve Ayaz A. aralar\u0131na ald\u0131klar\u0131 Turki E.\u2019yi tekme ve yumruklarla darbetti. Darp sonucu y\u00fcz\u00fc kanlar i\u00e7inde kalan Turki E.\u2019yi \u00f6fkeli grubun elinden \u00e7evredeki vatanda\u015flar kurtard\u0131. \u00c7evredekilerin 112 Acil \u00c7a\u011fr\u0131 Merkezi\u2019ne ihbar\u0131 \u00fczerine olay yerine sa\u011fl\u0131k ve polis ekipleri sevk edildi. Olay yerine gelen sa\u011fl\u0131k ekiplerinin ilk m\u00fcdahalesinin ard\u0131ndan yaral\u0131 gen\u00e7, ambulans ile G\u00f6lhisar Devlet Hastanesi\u2019ne kald\u0131r\u0131l\u0131rken H\u00fcseyin D., Melih D. ve Ayaz A. polis ekipleri taraf\u0131ndan g\u00f6zalt\u0131na al\u0131nd\u0131. Emniyetteki i\u015flemlerinin ard\u0131ndan adliyeye sevk edilen \u015f\u00fcpheliler, adli kontrol \u015fart\u0131yla serbest b\u0131rak\u0131ld\u0131. Olay an\u0131 ise cep telefonu kameras\u0131 taraf\u0131ndan anbean kaydedildi.<br \/><\/p>\n","protected":false},"excerpt":{"rendered":"<p>Burdur\u2019un G\u00f6lhisar il\u00e7esinde, Pazar yerinde hen\u00fcz bilinmeyen bir nedenle \u00e7\u0131kan kavgada 3 ki\u015fi, araya ald\u0131klar\u0131 genci tekme tokat d\u00f6vd\u00fc. Kanlar i\u00e7inde kalan genci vatanda\u015flar kurtard\u0131. G\u00f6zalt\u0131na al\u0131nan grup, adli kontrol \u015fart\u0131yla serbest b\u0131rak\u0131ld\u0131. Olay, ge\u00e7ti\u011fimiz cumartesi g\u00fcn\u00fc saat 19.00 s\u0131ralar\u0131nda Burdur\u2019un G\u00f6lhisar il\u00e7esi Pazar Mahallesi Pazar yerinde meydana geldi. Edinilen bilgilere g\u00f6re yabanc\u0131 uyruklu Turki&#8230;<\/p>\n","protected":false},"author":1,"featured_media":49517,"comment_status":"open","ping_status":"open","sticky":false,"template":"","format":"standard","meta":{"_crdt_document":"","footnotes":""},"categories":[5],"tags":[],"class_list":["post-49516","post","type-post","status-publish","format-standard","has-post-thumbnail","hentry","category-asayis"],"_links":{"self":[{"href":"https:\/\/www.egemtv.com\/index.php?rest_route=\/wp\/v2\/posts\/49516","targetHints":{"allow":["GET"]}}],"collection":[{"href":"https:\/\/www.egemtv.com\/index.php?rest_route=\/wp\/v2\/posts"}],"about":[{"href":"https:\/\/www.egemtv.com\/index.php?rest_route=\/wp\/v2\/types\/post"}],"author":[{"embeddable":true,"href":"https:\/\/www.egemtv.com\/index.php?rest_route=\/wp\/v2\/users\/1"}],"replies":[{"embeddable":true,"href":"https:\/\/www.egemtv.com\/index.php?rest_route=%2Fwp%2Fv2%2Fcomments&post=49516"}],"version-history":[{"count":1,"href":"https:\/\/www.egemtv.com\/index.php?rest_route=\/wp\/v2\/posts\/49516\/revisions"}],"predecessor-version":[{"id":49518,"href":"https:\/\/www.egemtv.com\/index.php?rest_route=\/wp\/v2\/posts\/49516\/revisions\/49518"}],"wp:featuredmedia":[{"embeddable":true,"href":"https:\/\/www.egemtv.com\/index.php?rest_route=\/wp\/v2\/media\/49517"}],"wp:attachment":[{"href":"https:\/\/www.egemtv.com\/index.php?rest_route=%2Fwp%2Fv2%2Fmedia&parent=49516"}],"wp:term":[{"taxonomy":"category","embeddable":true,"href":"https:\/\/www.egemtv.com\/index.php?rest_route=%2Fwp%2Fv2%2Fcategories&post=49516"},{"taxonomy":"post_tag","embeddable":true,"href":"https:\/\/www.egemtv.com\/index.php?rest_route=%2Fwp%2Fv2%2Ftags&post=49516"}],"curies":[{"name":"wp","href":"https:\/\/api.w.org\/{rel}","templated":true}]}}